{"id":6638,"date":"2026-09-05T22:07:52","date_gmt":"2026-09-05T22:07:52","guid":{"rendered":"https:\/\/kooyanews.tg\/?p=6638"},"modified":"2026-09-05T22:28:53","modified_gmt":"2026-09-05T22:28:53","slug":"developpement-de-agroecologie-en-afrique-de-louest-lome-scelle-le-lancement-du-pia-ao","status":"publish","type":"post","link":"https:\/\/kooyanews.tg\/index.php\/a-la-une\/developpement-de-agroecologie-en-afrique-de-louest-lome-scelle-le-lancement-du-pia-ao\/","title":{"rendered":"D\u00e9veloppement de l&rsquo;agro\u00e9cologie en Afrique de l\u2019Ouest: Lom\u00e9 scelle le lancement du PIA-AO"},"content":{"rendered":"\n<figure class=\"wp-block-gallery has-nested-images columns-default is-cropped wp-block-gallery-1 is-layout-flex wp-block-gallery-is-layout-flex\">\n<figure class=\"wp-block-image size-large\"><img fetchpriority=\"high\" decoding=\"async\" width=\"1024\" height=\"216\" data-id=\"6418\" src=\"https:\/\/kooyanews.tg\/wp-content\/uploads\/2026\/08\/REVEAL-190x40_01-1024x216.png\" alt=\"\" class=\"wp-image-6418\" srcset=\"https:\/\/kooyanews.tg\/wp-content\/uploads\/2026\/08\/REVEAL-190x40_01-1024x216.png 1024w, https:\/\/kooyanews.tg\/wp-content\/uploads\/2026\/08\/REVEAL-190x40_01-300x63.png 300w, https:\/\/kooyanews.tg\/wp-content\/uploads\/2026\/08\/REVEAL-190x40_01-768x162.png 768w, https:\/\/kooyanews.tg\/wp-content\/uploads\/2026\/08\/REVEAL-190x40_01-1536x324.png 1536w, https:\/\/kooyanews.tg\/wp-content\/uploads\/2026\/08\/REVEAL-190x40_01-2048x431.png 2048w\" sizes=\"(max-width: 1024px) 100vw, 1024px\" \/><\/figure>\n<\/figure>\n\n\n\n<p class=\"wp-block-paragraph\">L\u2019Agence R\u00e9gionale pour l\u2019Agriculture et l\u2019Alimentation (ARAA) de la <a href=\"https:\/\/kooyanews.tg\/index.php\/a-la-une\/urgences-sanitaires-looas-dote-les-etats-membres-de-la-cedeao-de-30-ambulances-medicalisees\/\" data-type=\"post\" data-id=\"6360\">CEDEAO<\/a> et ses partenaires ont officiellement lanc\u00e9 ce vendredi 04 septembre 2026 \u00e0 Lom\u00e9 le Projet de Promotion des Innovations Agro\u00e9cologiques en Afrique de l\u2019Ouest (<a href=\"https:\/\/www.agridigitale.net\/article\/passer-les-innovations-agroecologiques-a-lechelle\" data-type=\"link\" data-id=\"https:\/\/www.agridigitale.net\/article\/passer-les-innovations-agroecologiques-a-lechelle\">PIA-AO<\/a>).<\/p>\n\n\n\n<p class=\"wp-block-paragraph\">Ce projet dot\u00e9 d\u2019un budget total de 20 millions d\u2019euros, cofinanc\u00e9 \u00e0 parts \u00e9gales par l\u2019Agence Fran\u00e7aise de D\u00e9veloppement (AFD) et l\u2019Union Europ\u00e9enne (UE) via la ligne DeSIRA+, ambitionne de transformer durablement les syst\u00e8mes agricoles ouest-africains.<\/p>\n\n\n\n<p class=\"wp-block-paragraph\">Plac\u00e9 sous le signe de la r\u00e9silience et de la souverainet\u00e9 alimentaire, le PIA-AO s\u2019inscrit dans la continuit\u00e9 du Programme Agro\u00e9cologie en Afrique de l\u2019Ouest (PAE, 2020-2025). Il marque une \u00e9tape d\u00e9cisive: passer de l\u2019exp\u00e9rimentation \u00e0 la mise \u00e0 l\u2019\u00e9chelle des innovations au profit des exploitations familiales.<\/p>\n\n\n\n<p class=\"wp-block-paragraph\">D\u2019apr\u00e8s Freddy Houedokoho, Coordonnateur r\u00e9gional du PIA-AO, le projet poursuit trois r\u00e9sultats majeurs: d\u00e9velopper des innovations via des partenariats multi-acteurs (paysans, ONG, recherche, priv\u00e9); capitaliser, diffuser et favoriser l\u2019adoption \u00e0 grande \u00e9chelle; et rendre les cadres politiques r\u00e9gionaux et nationaux plus favorables \u00e0 la transition agro\u00e9cologique.<\/p>\n\n\n\n<p class=\"wp-block-paragraph\"><strong>20 projets innovants financ\u00e9s sur le terrain<\/strong><\/p>\n\n\n\n<p class=\"wp-block-paragraph\">La c\u00e9r\u00e9monie a \u00e9t\u00e9 marqu\u00e9e par la remise officielle de subventions \u00e0 vingt (20) porteurs de projets multi-acteurs, s\u00e9lectionn\u00e9s suite \u00e0 un appel \u00e0 propositions r\u00e9gional. Ces laur\u00e9ats vont tester et diffuser des solutions agro\u00e9cologiques concr\u00e8tes. Au total, plus de 12,8 millions d\u2019euros d\u2019accords de subvention ont \u00e9t\u00e9 sign\u00e9s, dont plus de 11 millions directement fl\u00e9ch\u00e9s vers ces 20 initiatives de terrain.<\/p>\n\n\n\n<figure class=\"wp-block-gallery has-nested-images columns-default is-cropped wp-block-gallery-2 is-layout-flex wp-block-gallery-is-layout-flex\">\n<figure class=\"wp-block-image size-large\"><img decoding=\"async\" width=\"1024\" height=\"487\" data-id=\"6640\" src=\"https:\/\/kooyanews.tg\/wp-content\/uploads\/2026\/09\/1001106257-1-1024x487.jpg\" alt=\"\" class=\"wp-image-6640\" srcset=\"https:\/\/kooyanews.tg\/wp-content\/uploads\/2026\/09\/1001106257-1-1024x487.jpg 1024w, https:\/\/kooyanews.tg\/wp-content\/uploads\/2026\/09\/1001106257-1-300x143.jpg 300w, https:\/\/kooyanews.tg\/wp-content\/uploads\/2026\/09\/1001106257-1-767x365.jpg 767w, https:\/\/kooyanews.tg\/wp-content\/uploads\/2026\/09\/1001106257-1-1536x731.jpg 1536w, https:\/\/kooyanews.tg\/wp-content\/uploads\/2026\/09\/1001106257-1-2048x975.jpg 2048w\" sizes=\"(max-width: 1024px) 100vw, 1024px\" \/><\/figure>\n<\/figure>\n\n\n\n<p class=\"wp-block-paragraph\">Ces projets visent \u00e0 am\u00e9liorer les revenus des producteurs et leur r\u00e9silience face au changement climatique, en augmentant durablement la production dans les secteurs agro-sylvo-pastoral et halieutique.<\/p>\n\n\n\n<p class=\"wp-block-paragraph\"><strong>Un dispositif d\u2019accompagnement r\u00e9gional renforc\u00e9<\/strong><\/p>\n\n\n\n<p class=\"wp-block-paragraph\">Au-del\u00e0 des financements de terrain, le PIA-AO s\u2019appuie sur un r\u00e9seau de partenaires r\u00e9gionaux solides pour garantir son impact:<\/p>\n\n\n\n<p class=\"wp-block-paragraph\">-Le RESCAR-AOC pour int\u00e9grer l\u2019agro\u00e9cologie dans les dispositifs de conseil agricole;<\/p>\n\n\n\n<p class=\"wp-block-paragraph\">-L\u2019Alliance 3AO pour animer le dialogue sur les politiques publiques;<\/p>\n\n\n\n<p class=\"wp-block-paragraph\">&#8211; Un consortium d\u2019universit\u00e9s ouest-africaines, charg\u00e9 de concevoir un MOOC d\u00e9di\u00e9 \u00e0 l\u2019agro\u00e9cologie, adapt\u00e9 aux r\u00e9alit\u00e9s r\u00e9gionales.<\/p>\n\n\n\n<p class=\"wp-block-paragraph\">Avant le lancement officiel, les \u00e9quipes de mise en \u0153uvre et les partenaires ont \u00e9t\u00e9 form\u00e9s depuis le 31 ao\u00fbt dernier aux manuels de proc\u00e9dures, afin d\u2019assurer une gestion harmonieuse et transparente des fonds.<\/p>\n\n\n\n<p class=\"wp-block-paragraph\"><strong>Produire aujourd&rsquo;hui sans hypoth\u00e9quer demain<\/strong><\/p>\n\n\n\n<p class=\"wp-block-paragraph\">Dans son allocution de lancement, Dr Yao Lombo, Conseiller technique repr\u00e9sentant le ministre togolais de l\u2019Agriculture, a salu\u00e9 le lancement de cette initiative dans la capitale togolaise: \u00ab\u00a0Il faut produire pour nourrir la population ouest-africaine, mais cette production doit tenir compte de la pr\u00e9servation de l\u2019environnement et de la restauration des sols\u2026Aujourd\u2019hui, nous parlons de souverainet\u00e9 alimentaire ; nous devons produire ce que nous mangeons, et le faire dans la dur\u00e9e\u00a0\u00bb.<\/p>\n\n\n\n<figure class=\"wp-block-gallery has-nested-images columns-default is-cropped wp-block-gallery-3 is-layout-flex wp-block-gallery-is-layout-flex\">\n<figure class=\"wp-block-image size-large\"><img decoding=\"async\" width=\"1024\" height=\"506\" data-id=\"6644\" src=\"https:\/\/kooyanews.tg\/wp-content\/uploads\/2026\/09\/1001106278-1024x506.jpg\" alt=\"\" class=\"wp-image-6644\" srcset=\"https:\/\/kooyanews.tg\/wp-content\/uploads\/2026\/09\/1001106278-1024x506.jpg 1024w, https:\/\/kooyanews.tg\/wp-content\/uploads\/2026\/09\/1001106278-300x148.jpg 300w, https:\/\/kooyanews.tg\/wp-content\/uploads\/2026\/09\/1001106278-766x379.jpg 766w, https:\/\/kooyanews.tg\/wp-content\/uploads\/2026\/09\/1001106278-1536x760.jpg 1536w, https:\/\/kooyanews.tg\/wp-content\/uploads\/2026\/09\/1001106278-2048x1013.jpg 2048w\" sizes=\"(max-width: 1024px) 100vw, 1024px\" \/><\/figure>\n\n\n\n<figure class=\"wp-block-image size-large\"><img loading=\"lazy\" decoding=\"async\" width=\"1024\" height=\"576\" data-id=\"6645\" src=\"https:\/\/kooyanews.tg\/wp-content\/uploads\/2026\/09\/1001102378-1024x576.jpg\" alt=\"\" class=\"wp-image-6645\" srcset=\"https:\/\/kooyanews.tg\/wp-content\/uploads\/2026\/09\/1001102378-1024x576.jpg 1024w, https:\/\/kooyanews.tg\/wp-content\/uploads\/2026\/09\/1001102378-300x169.jpg 300w, https:\/\/kooyanews.tg\/wp-content\/uploads\/2026\/09\/1001102378-768x432.jpg 768w\" sizes=\"(max-width: 1024px) 100vw, 1024px\" \/><\/figure>\n\n\n\n<figure class=\"wp-block-image size-large\"><img loading=\"lazy\" decoding=\"async\" width=\"1024\" height=\"576\" data-id=\"6646\" src=\"https:\/\/kooyanews.tg\/wp-content\/uploads\/2026\/09\/1001102370-1024x576.jpg\" alt=\"\" class=\"wp-image-6646\" srcset=\"https:\/\/kooyanews.tg\/wp-content\/uploads\/2026\/09\/1001102370-1024x576.jpg 1024w, https:\/\/kooyanews.tg\/wp-content\/uploads\/2026\/09\/1001102370-300x169.jpg 300w, https:\/\/kooyanews.tg\/wp-content\/uploads\/2026\/09\/1001102370-768x432.jpg 768w, https:\/\/kooyanews.tg\/wp-content\/uploads\/2026\/09\/1001102370-1536x864.jpg 1536w, https:\/\/kooyanews.tg\/wp-content\/uploads\/2026\/09\/1001102370-2048x1152.jpg 2048w\" sizes=\"(max-width: 1024px) 100vw, 1024px\" \/><\/figure>\n\n\n\n<figure class=\"wp-block-image size-large\"><img loading=\"lazy\" decoding=\"async\" width=\"1024\" height=\"576\" data-id=\"6647\" src=\"https:\/\/kooyanews.tg\/wp-content\/uploads\/2026\/09\/1001102363-1024x576.jpg\" alt=\"\" class=\"wp-image-6647\" srcset=\"https:\/\/kooyanews.tg\/wp-content\/uploads\/2026\/09\/1001102363-1024x576.jpg 1024w, https:\/\/kooyanews.tg\/wp-content\/uploads\/2026\/09\/1001102363-768x432.jpg 768w, https:\/\/kooyanews.tg\/wp-content\/uploads\/2026\/09\/1001102363-300x169.jpg 300w, https:\/\/kooyanews.tg\/wp-content\/uploads\/2026\/09\/1001102363-2048x1152.jpg 2048w\" sizes=\"(max-width: 1024px) 100vw, 1024px\" \/><\/figure>\n<\/figure>\n\n\n\n<p class=\"wp-block-paragraph\">Il a \u00e9galement insist\u00e9 sur la n\u00e9cessit\u00e9 d\u2019une gestion transparente des ressources : \u00ab\u00a0Nous invitons tous les b\u00e9n\u00e9ficiaires \u00e0 \u00eatre rigoureux dans l\u2019utilisation des fonds, pour que nos partenaires nous accordent leur confiance et renforcent leur accompagnement\u00a0\u00bb.<\/p>\n\n\n\n<p class=\"wp-block-paragraph\"><strong>De la phase pilote \u00e0 la g\u00e9n\u00e9ralisation<\/strong><\/p>\n\n\n\n<p class=\"wp-block-paragraph\">Pour M. Konlani Kanfitin, Directeur ex\u00e9cutif de l\u2019ARAA, l\u2019enjeu est clair : \u201cl&rsquo;agro\u00e9cologie demeure une innovation qui peut permettre des r\u00e9ponses appropri\u00e9es et adapt\u00e9es aux d\u00e9fis auxquels fait face l&rsquo;agriculture ouest-africaine\u2026.Les questions d&rsquo;ins\u00e9curit\u00e9 alimentaire seront r\u00e9solues si nous arrivons vraiment \u00e0 mettre \u00e0 l&rsquo;\u00e9chelle les innovations qui ont \u00e9t\u00e9 identifi\u00e9es lors de cette premi\u00e8re phase. L&rsquo;objectif de cette deuxi\u00e8me phase est la mise \u00e0 l&rsquo;\u00e9chelle et la capitalisation de ces innovations\u00a0\u00bb.<\/p>\n\n\n\n<p class=\"wp-block-paragraph\"><strong>Un impact significatif pour le Togo<\/strong><\/p>\n\n\n\n<p class=\"wp-block-paragraph\">Le Togo, pays h\u00f4te de ce lancement, tire un b\u00e9n\u00e9fice direct du projet \u00e0 travers le renforcement des capacit\u00e9s des acteurs locaux, l\u2019accessibilit\u00e9 des innovations technologiques aux exploitants familiaux et les financements directs: pr\u00e8s de 8 milliards FCFA seront d\u00e9di\u00e9s \u00e0 des projets ex\u00e9cut\u00e9s par trois organisations locales togolaises, contribuant \u00e0 l\u2019am\u00e9lioration de la production agricole nationale.<\/p>\n\n\n\n<p class=\"wp-block-paragraph\"><strong>Une couverture r\u00e9gionale ambitieuse<\/strong><\/p>\n\n\n\n<p class=\"wp-block-paragraph\">Le PIA-AO intervient dans 11 pays membres de la CEDEAO, ainsi qu\u2019au Niger, membre de l\u2019Alliance des \u00c9tats du Sahel (AES). L\u2019objectif de cette large couverture: am\u00e9liorer les revenus et la r\u00e9silience aux changements climatiques des producteurs du secteur agro-sylvo-pastoral et halieutique, en s&rsquo;appuyar sur l&rsquo;agro\u00e9cologie pour accro\u00eetre durablement leur production.<\/p>\n\n\n\n<p class=\"wp-block-paragraph\">Faire donc de l\u2019agro\u00e9cologie un levier de d\u00e9veloppement durable, de s\u00e9curit\u00e9 alimentaire et de lutte contre la pauvret\u00e9 en Afrique de l\u2019Ouest.<\/p>\n\n\n\n<p class=\"wp-block-paragraph\"><strong>\u00c0 propos de l\u2019ARAA<\/strong><\/p>\n\n\n\n<p class=\"wp-block-paragraph\">L\u2019Agence R\u00e9gionale pour l\u2019Agriculture et l\u2019Alimentation (ARAA) est l\u2019institution sp\u00e9cialis\u00e9e de la CEDEAO charg\u00e9e de la coordination des politiques agricoles et alimentaires r\u00e9gionales.<\/p>\n\n\n\n<p class=\"wp-block-paragraph\">Edoh<\/p>\n\n\n\n<p class=\"wp-block-paragraph\">Pour vos reportages, annonces et publicit\u00e9s, contactez (00228) 91284171\/79910266; E-mail: maximinayena@gmail.com<\/p>\n\n\n\n<figure class=\"wp-block-gallery has-nested-images columns-default is-cropped wp-block-gallery-4 is-layout-flex wp-block-gallery-is-layout-flex\">\n<figure class=\"wp-block-image size-large\"><img loading=\"lazy\" decoding=\"async\" width=\"768\" height=\"1024\" data-id=\"5698\" src=\"https:\/\/kooyanews.tg\/wp-content\/uploads\/2026\/06\/IMG-20260419-WA0042-768x1024.jpg\" alt=\"\" class=\"wp-image-5698\" srcset=\"https:\/\/kooyanews.tg\/wp-content\/uploads\/2026\/06\/IMG-20260419-WA0042-768x1024.jpg 768w, https:\/\/kooyanews.tg\/wp-content\/uploads\/2026\/06\/IMG-20260419-WA0042-225x300.jpg 225w, https:\/\/kooyanews.tg\/wp-content\/uploads\/2026\/06\/IMG-20260419-WA0042.jpg 780w\" sizes=\"(max-width: 768px) 100vw, 768px\" \/><\/figure>\n<\/figure>\n","protected":false},"excerpt":{"rendered":"<p>L\u2019Agence R\u00e9gionale pour l\u2019Agriculture et l\u2019Alimentation (ARAA) de la CEDEAO et ses partenaires ont officiellement lanc\u00e9 ce vendredi 04 septembre 2026 \u00e0 Lom\u00e9 le Projet de Promotion des Innovations Agro\u00e9cologiques en Afrique de l\u2019Ouest (PIA-AO). Ce projet dot\u00e9 d\u2019un budget total de 20 millions d\u2019euros, cofinanc\u00e9 \u00e0 parts \u00e9gales par l\u2019Agence Fran\u00e7aise de D\u00e9veloppement (AFD) [&hellip;]<\/p>\n","protected":false},"author":2,"featured_media":6648,"comment_status":"open","ping_status":"open","sticky":false,"template":"","format":"standard","meta":{"footnotes":""},"categories":[30,24,23],"tags":[901,316],"class_list":["post-6638","post","type-post","status-publish","format-standard","has-post-thumbnail","hentry","category-a-la-une","category-agriculture","category-developpement-durable","tag-araa","tag-cedeao"],"yoast_head":"<!-- This site is optimized with the Yoast SEO plugin v28.4 - https:\/\/yoast.com\/product\/yoast-seo-wordpress\/ -->\n<title>D\u00e9veloppement de l&#039;agro\u00e9cologie en Afrique de l\u2019Ouest: Lom\u00e9 scelle le lancement du PIA-AO - KOOYA NEWS<\/title>\n<meta name=\"robots\" content=\"index, follow, max-snippet:-1, max-image-preview:large, max-video-preview:-1\" \/>\n<link rel=\"canonical\" href=\"https:\/\/kooyanews.tg\/index.php\/a-la-une\/developpement-de-agroecologie-en-afrique-de-louest-lome-scelle-le-lancement-du-pia-ao\/\" \/>\n<meta property=\"og:locale\" content=\"fr_FR\" \/>\n<meta property=\"og:type\" content=\"article\" \/>\n<meta property=\"og:title\" content=\"D\u00e9veloppement de l&#039;agro\u00e9cologie en Afrique de l\u2019Ouest: Lom\u00e9 scelle le lancement du PIA-AO - KOOYA NEWS\" \/>\n<meta property=\"og:description\" content=\"L\u2019Agence R\u00e9gionale pour l\u2019Agriculture et l\u2019Alimentation (ARAA) de la CEDEAO et ses partenaires ont officiellement lanc\u00e9 ce vendredi 04 septembre 2026 \u00e0 Lom\u00e9 le Projet de Promotion des Innovations Agro\u00e9cologiques en Afrique de l\u2019Ouest (PIA-AO). Ce projet dot\u00e9 d\u2019un budget total de 20 millions d\u2019euros, cofinanc\u00e9 \u00e0 parts \u00e9gales par l\u2019Agence Fran\u00e7aise de D\u00e9veloppement (AFD) [&hellip;]\" \/>\n<meta property=\"og:url\" content=\"https:\/\/kooyanews.tg\/index.php\/a-la-une\/developpement-de-agroecologie-en-afrique-de-louest-lome-scelle-le-lancement-du-pia-ao\/\" \/>\n<meta property=\"og:site_name\" content=\"KOOYA NEWS\" \/>\n<meta property=\"article:published_time\" content=\"2026-09-05T22:07:52+00:00\" \/>\n<meta property=\"article:modified_time\" content=\"2026-09-05T22:28:53+00:00\" \/>\n<meta property=\"og:image\" content=\"https:\/\/kooyanews.tg\/wp-content\/uploads\/2026\/09\/PXL_20260904_100816679.MP_-scaled.jpg\" \/>\n\t<meta property=\"og:image:width\" content=\"2560\" \/>\n\t<meta property=\"og:image:height\" content=\"1440\" \/>\n\t<meta property=\"og:image:type\" content=\"image\/jpeg\" \/>\n<meta name=\"author\" content=\"KOOYA NEWS\" \/>\n<meta name=\"twitter:card\" content=\"summary_large_image\" \/>\n<meta name=\"twitter:label1\" content=\"\u00c9crit par\" \/>\n\t<meta name=\"twitter:data1\" content=\"KOOYA NEWS\" \/>\n\t<meta name=\"twitter:label2\" content=\"Dur\u00e9e de lecture estim\u00e9e\" \/>\n\t<meta name=\"twitter:data2\" content=\"6 minutes\" \/>\n<script type=\"application\/ld+json\" class=\"yoast-schema-graph\">{\"@context\":\"https:\\\/\\\/schema.org\",\"@graph\":[{\"@type\":\"Article\",\"@id\":\"https:\\\/\\\/kooyanews.tg\\\/index.php\\\/a-la-une\\\/developpement-de-agroecologie-en-afrique-de-louest-lome-scelle-le-lancement-du-pia-ao\\\/#article\",\"isPartOf\":{\"@id\":\"https:\\\/\\\/kooyanews.tg\\\/index.php\\\/a-la-une\\\/developpement-de-agroecologie-en-afrique-de-louest-lome-scelle-le-lancement-du-pia-ao\\\/\"},\"author\":{\"name\":\"KOOYA NEWS\",\"@id\":\"https:\\\/\\\/kooyanews.tg\\\/#\\\/schema\\\/person\\\/1a129874b7f047e8ad17efbd89b7c839\"},\"headline\":\"D\u00e9veloppement de l&rsquo;agro\u00e9cologie en Afrique de l\u2019Ouest: Lom\u00e9 scelle le lancement du PIA-AO\",\"datePublished\":\"2026-09-05T22:07:52+00:00\",\"dateModified\":\"2026-09-05T22:28:53+00:00\",\"mainEntityOfPage\":{\"@id\":\"https:\\\/\\\/kooyanews.tg\\\/index.php\\\/a-la-une\\\/developpement-de-agroecologie-en-afrique-de-louest-lome-scelle-le-lancement-du-pia-ao\\\/\"},\"wordCount\":851,\"commentCount\":0,\"publisher\":{\"@id\":\"https:\\\/\\\/kooyanews.tg\\\/#organization\"},\"image\":{\"@id\":\"https:\\\/\\\/kooyanews.tg\\\/index.php\\\/a-la-une\\\/developpement-de-agroecologie-en-afrique-de-louest-lome-scelle-le-lancement-du-pia-ao\\\/#primaryimage\"},\"thumbnailUrl\":\"https:\\\/\\\/kooyanews.tg\\\/wp-content\\\/uploads\\\/2026\\\/09\\\/PXL_20260904_100816679.MP_-scaled.jpg\",\"keywords\":[\"#ARAA\",\"#CEDEAO\"],\"articleSection\":[\"A la une\",\"Agriculture\",\"D\u00e9veloppement durable\"],\"inLanguage\":\"fr-FR\",\"potentialAction\":[{\"@type\":\"CommentAction\",\"name\":\"Comment\",\"target\":[\"https:\\\/\\\/kooyanews.tg\\\/index.php\\\/a-la-une\\\/developpement-de-agroecologie-en-afrique-de-louest-lome-scelle-le-lancement-du-pia-ao\\\/#respond\"]}]},{\"@type\":\"WebPage\",\"@id\":\"https:\\\/\\\/kooyanews.tg\\\/index.php\\\/a-la-une\\\/developpement-de-agroecologie-en-afrique-de-louest-lome-scelle-le-lancement-du-pia-ao\\\/\",\"url\":\"https:\\\/\\\/kooyanews.tg\\\/index.php\\\/a-la-une\\\/developpement-de-agroecologie-en-afrique-de-louest-lome-scelle-le-lancement-du-pia-ao\\\/\",\"name\":\"D\u00e9veloppement de l'agro\u00e9cologie en Afrique de l\u2019Ouest: Lom\u00e9 scelle le lancement du PIA-AO - KOOYA NEWS\",\"isPartOf\":{\"@id\":\"https:\\\/\\\/kooyanews.tg\\\/#website\"},\"primaryImageOfPage\":{\"@id\":\"https:\\\/\\\/kooyanews.tg\\\/index.php\\\/a-la-une\\\/developpement-de-agroecologie-en-afrique-de-louest-lome-scelle-le-lancement-du-pia-ao\\\/#primaryimage\"},\"image\":{\"@id\":\"https:\\\/\\\/kooyanews.tg\\\/index.php\\\/a-la-une\\\/developpement-de-agroecologie-en-afrique-de-louest-lome-scelle-le-lancement-du-pia-ao\\\/#primaryimage\"},\"thumbnailUrl\":\"https:\\\/\\\/kooyanews.tg\\\/wp-content\\\/uploads\\\/2026\\\/09\\\/PXL_20260904_100816679.MP_-scaled.jpg\",\"datePublished\":\"2026-09-05T22:07:52+00:00\",\"dateModified\":\"2026-09-05T22:28:53+00:00\",\"breadcrumb\":{\"@id\":\"https:\\\/\\\/kooyanews.tg\\\/index.php\\\/a-la-une\\\/developpement-de-agroecologie-en-afrique-de-louest-lome-scelle-le-lancement-du-pia-ao\\\/#breadcrumb\"},\"inLanguage\":\"fr-FR\",\"potentialAction\":[{\"@type\":\"ReadAction\",\"target\":[\"https:\\\/\\\/kooyanews.tg\\\/index.php\\\/a-la-une\\\/developpement-de-agroecologie-en-afrique-de-louest-lome-scelle-le-lancement-du-pia-ao\\\/\"]}]},{\"@type\":\"ImageObject\",\"inLanguage\":\"fr-FR\",\"@id\":\"https:\\\/\\\/kooyanews.tg\\\/index.php\\\/a-la-une\\\/developpement-de-agroecologie-en-afrique-de-louest-lome-scelle-le-lancement-du-pia-ao\\\/#primaryimage\",\"url\":\"https:\\\/\\\/kooyanews.tg\\\/wp-content\\\/uploads\\\/2026\\\/09\\\/PXL_20260904_100816679.MP_-scaled.jpg\",\"contentUrl\":\"https:\\\/\\\/kooyanews.tg\\\/wp-content\\\/uploads\\\/2026\\\/09\\\/PXL_20260904_100816679.MP_-scaled.jpg\",\"width\":2560,\"height\":1440},{\"@type\":\"BreadcrumbList\",\"@id\":\"https:\\\/\\\/kooyanews.tg\\\/index.php\\\/a-la-une\\\/developpement-de-agroecologie-en-afrique-de-louest-lome-scelle-le-lancement-du-pia-ao\\\/#breadcrumb\",\"itemListElement\":[{\"@type\":\"ListItem\",\"position\":1,\"name\":\"Accueil\",\"item\":\"https:\\\/\\\/kooyanews.tg\\\/\"},{\"@type\":\"ListItem\",\"position\":2,\"name\":\"D\u00e9veloppement de l&rsquo;agro\u00e9cologie en Afrique de l\u2019Ouest: Lom\u00e9 scelle le lancement du PIA-AO\"}]},{\"@type\":\"WebSite\",\"@id\":\"https:\\\/\\\/kooyanews.tg\\\/#website\",\"url\":\"https:\\\/\\\/kooyanews.tg\\\/\",\"name\":\"KOOYA NEWS\",\"description\":\"\",\"publisher\":{\"@id\":\"https:\\\/\\\/kooyanews.tg\\\/#organization\"},\"potentialAction\":[{\"@type\":\"SearchAction\",\"target\":{\"@type\":\"EntryPoint\",\"urlTemplate\":\"https:\\\/\\\/kooyanews.tg\\\/?s={search_term_string}\"},\"query-input\":{\"@type\":\"PropertyValueSpecification\",\"valueRequired\":true,\"valueName\":\"search_term_string\"}}],\"inLanguage\":\"fr-FR\"},{\"@type\":\"Organization\",\"@id\":\"https:\\\/\\\/kooyanews.tg\\\/#organization\",\"name\":\"KOOYA NEWS\",\"url\":\"https:\\\/\\\/kooyanews.tg\\\/\",\"logo\":{\"@type\":\"ImageObject\",\"inLanguage\":\"fr-FR\",\"@id\":\"https:\\\/\\\/kooyanews.tg\\\/#\\\/schema\\\/logo\\\/image\\\/\",\"url\":\"https:\\\/\\\/kooyanews.tg\\\/wp-content\\\/uploads\\\/2025\\\/06\\\/cropped-logo-e1749035109291.jpg\",\"contentUrl\":\"https:\\\/\\\/kooyanews.tg\\\/wp-content\\\/uploads\\\/2025\\\/06\\\/cropped-logo-e1749035109291.jpg\",\"width\":512,\"height\":512,\"caption\":\"KOOYA NEWS\"},\"image\":{\"@id\":\"https:\\\/\\\/kooyanews.tg\\\/#\\\/schema\\\/logo\\\/image\\\/\"}},{\"@type\":\"Person\",\"@id\":\"https:\\\/\\\/kooyanews.tg\\\/#\\\/schema\\\/person\\\/1a129874b7f047e8ad17efbd89b7c839\",\"name\":\"KOOYA NEWS\",\"image\":{\"@type\":\"ImageObject\",\"inLanguage\":\"fr-FR\",\"@id\":\"https:\\\/\\\/secure.gravatar.com\\\/avatar\\\/7362e9e39fe15f98d5af5b55c717d135000d9bb052eaef8de7bbce8437936a35?s=96&d=mm&r=g\",\"url\":\"https:\\\/\\\/secure.gravatar.com\\\/avatar\\\/7362e9e39fe15f98d5af5b55c717d135000d9bb052eaef8de7bbce8437936a35?s=96&d=mm&r=g\",\"contentUrl\":\"https:\\\/\\\/secure.gravatar.com\\\/avatar\\\/7362e9e39fe15f98d5af5b55c717d135000d9bb052eaef8de7bbce8437936a35?s=96&d=mm&r=g\",\"caption\":\"KOOYA NEWS\"},\"url\":\"https:\\\/\\\/kooyanews.tg\\\/index.php\\\/author\\\/kooya\\\/\"}]}<\/script>\n<!-- \/ Yoast SEO plugin. -->","yoast_head_json":{"title":"D\u00e9veloppement de l'agro\u00e9cologie en Afrique de l\u2019Ouest: Lom\u00e9 scelle le lancement du PIA-AO - KOOYA NEWS","robots":{"index":"index","follow":"follow","max-snippet":"max-snippet:-1","max-image-preview":"max-image-preview:large","max-video-preview":"max-video-preview:-1"},"canonical":"https:\/\/kooyanews.tg\/index.php\/a-la-une\/developpement-de-agroecologie-en-afrique-de-louest-lome-scelle-le-lancement-du-pia-ao\/","og_locale":"fr_FR","og_type":"article","og_title":"D\u00e9veloppement de l'agro\u00e9cologie en Afrique de l\u2019Ouest: Lom\u00e9 scelle le lancement du PIA-AO - KOOYA NEWS","og_description":"L\u2019Agence R\u00e9gionale pour l\u2019Agriculture et l\u2019Alimentation (ARAA) de la CEDEAO et ses partenaires ont officiellement lanc\u00e9 ce vendredi 04 septembre 2026 \u00e0 Lom\u00e9 le Projet de Promotion des Innovations Agro\u00e9cologiques en Afrique de l\u2019Ouest (PIA-AO). Ce projet dot\u00e9 d\u2019un budget total de 20 millions d\u2019euros, cofinanc\u00e9 \u00e0 parts \u00e9gales par l\u2019Agence Fran\u00e7aise de D\u00e9veloppement (AFD) [&hellip;]","og_url":"https:\/\/kooyanews.tg\/index.php\/a-la-une\/developpement-de-agroecologie-en-afrique-de-louest-lome-scelle-le-lancement-du-pia-ao\/","og_site_name":"KOOYA NEWS","article_published_time":"2026-09-05T22:07:52+00:00","article_modified_time":"2026-09-05T22:28:53+00:00","og_image":[{"width":2560,"height":1440,"url":"https:\/\/kooyanews.tg\/wp-content\/uploads\/2026\/09\/PXL_20260904_100816679.MP_-scaled.jpg","type":"image\/jpeg"}],"author":"KOOYA NEWS","twitter_card":"summary_large_image","twitter_misc":{"\u00c9crit par":"KOOYA NEWS","Dur\u00e9e de lecture estim\u00e9e":"6 minutes"},"schema":{"@context":"https:\/\/schema.org","@graph":[{"@type":"Article","@id":"https:\/\/kooyanews.tg\/index.php\/a-la-une\/developpement-de-agroecologie-en-afrique-de-louest-lome-scelle-le-lancement-du-pia-ao\/#article","isPartOf":{"@id":"https:\/\/kooyanews.tg\/index.php\/a-la-une\/developpement-de-agroecologie-en-afrique-de-louest-lome-scelle-le-lancement-du-pia-ao\/"},"author":{"name":"KOOYA NEWS","@id":"https:\/\/kooyanews.tg\/#\/schema\/person\/1a129874b7f047e8ad17efbd89b7c839"},"headline":"D\u00e9veloppement de l&rsquo;agro\u00e9cologie en Afrique de l\u2019Ouest: Lom\u00e9 scelle le lancement du PIA-AO","datePublished":"2026-09-05T22:07:52+00:00","dateModified":"2026-09-05T22:28:53+00:00","mainEntityOfPage":{"@id":"https:\/\/kooyanews.tg\/index.php\/a-la-une\/developpement-de-agroecologie-en-afrique-de-louest-lome-scelle-le-lancement-du-pia-ao\/"},"wordCount":851,"commentCount":0,"publisher":{"@id":"https:\/\/kooyanews.tg\/#organization"},"image":{"@id":"https:\/\/kooyanews.tg\/index.php\/a-la-une\/developpement-de-agroecologie-en-afrique-de-louest-lome-scelle-le-lancement-du-pia-ao\/#primaryimage"},"thumbnailUrl":"https:\/\/kooyanews.tg\/wp-content\/uploads\/2026\/09\/PXL_20260904_100816679.MP_-scaled.jpg","keywords":["#ARAA","#CEDEAO"],"articleSection":["A la une","Agriculture","D\u00e9veloppement durable"],"inLanguage":"fr-FR","potentialAction":[{"@type":"CommentAction","name":"Comment","target":["https:\/\/kooyanews.tg\/index.php\/a-la-une\/developpement-de-agroecologie-en-afrique-de-louest-lome-scelle-le-lancement-du-pia-ao\/#respond"]}]},{"@type":"WebPage","@id":"https:\/\/kooyanews.tg\/index.php\/a-la-une\/developpement-de-agroecologie-en-afrique-de-louest-lome-scelle-le-lancement-du-pia-ao\/","url":"https:\/\/kooyanews.tg\/index.php\/a-la-une\/developpement-de-agroecologie-en-afrique-de-louest-lome-scelle-le-lancement-du-pia-ao\/","name":"D\u00e9veloppement de l'agro\u00e9cologie en Afrique de l\u2019Ouest: Lom\u00e9 scelle le lancement du PIA-AO - KOOYA NEWS","isPartOf":{"@id":"https:\/\/kooyanews.tg\/#website"},"primaryImageOfPage":{"@id":"https:\/\/kooyanews.tg\/index.php\/a-la-une\/developpement-de-agroecologie-en-afrique-de-louest-lome-scelle-le-lancement-du-pia-ao\/#primaryimage"},"image":{"@id":"https:\/\/kooyanews.tg\/index.php\/a-la-une\/developpement-de-agroecologie-en-afrique-de-louest-lome-scelle-le-lancement-du-pia-ao\/#primaryimage"},"thumbnailUrl":"https:\/\/kooyanews.tg\/wp-content\/uploads\/2026\/09\/PXL_20260904_100816679.MP_-scaled.jpg","datePublished":"2026-09-05T22:07:52+00:00","dateModified":"2026-09-05T22:28:53+00:00","breadcrumb":{"@id":"https:\/\/kooyanews.tg\/index.php\/a-la-une\/developpement-de-agroecologie-en-afrique-de-louest-lome-scelle-le-lancement-du-pia-ao\/#breadcrumb"},"inLanguage":"fr-FR","potentialAction":[{"@type":"ReadAction","target":["https:\/\/kooyanews.tg\/index.php\/a-la-une\/developpement-de-agroecologie-en-afrique-de-louest-lome-scelle-le-lancement-du-pia-ao\/"]}]},{"@type":"ImageObject","inLanguage":"fr-FR","@id":"https:\/\/kooyanews.tg\/index.php\/a-la-une\/developpement-de-agroecologie-en-afrique-de-louest-lome-scelle-le-lancement-du-pia-ao\/#primaryimage","url":"https:\/\/kooyanews.tg\/wp-content\/uploads\/2026\/09\/PXL_20260904_100816679.MP_-scaled.jpg","contentUrl":"https:\/\/kooyanews.tg\/wp-content\/uploads\/2026\/09\/PXL_20260904_100816679.MP_-scaled.jpg","width":2560,"height":1440},{"@type":"BreadcrumbList","@id":"https:\/\/kooyanews.tg\/index.php\/a-la-une\/developpement-de-agroecologie-en-afrique-de-louest-lome-scelle-le-lancement-du-pia-ao\/#breadcrumb","itemListElement":[{"@type":"ListItem","position":1,"name":"Accueil","item":"https:\/\/kooyanews.tg\/"},{"@type":"ListItem","position":2,"name":"D\u00e9veloppement de l&rsquo;agro\u00e9cologie en Afrique de l\u2019Ouest: Lom\u00e9 scelle le lancement du PIA-AO"}]},{"@type":"WebSite","@id":"https:\/\/kooyanews.tg\/#website","url":"https:\/\/kooyanews.tg\/","name":"KOOYA NEWS","description":"","publisher":{"@id":"https:\/\/kooyanews.tg\/#organization"},"potentialAction":[{"@type":"SearchAction","target":{"@type":"EntryPoint","urlTemplate":"https:\/\/kooyanews.tg\/?s={search_term_string}"},"query-input":{"@type":"PropertyValueSpecification","valueRequired":true,"valueName":"search_term_string"}}],"inLanguage":"fr-FR"},{"@type":"Organization","@id":"https:\/\/kooyanews.tg\/#organization","name":"KOOYA NEWS","url":"https:\/\/kooyanews.tg\/","logo":{"@type":"ImageObject","inLanguage":"fr-FR","@id":"https:\/\/kooyanews.tg\/#\/schema\/logo\/image\/","url":"https:\/\/kooyanews.tg\/wp-content\/uploads\/2025\/06\/cropped-logo-e1749035109291.jpg","contentUrl":"https:\/\/kooyanews.tg\/wp-content\/uploads\/2025\/06\/cropped-logo-e1749035109291.jpg","width":512,"height":512,"caption":"KOOYA NEWS"},"image":{"@id":"https:\/\/kooyanews.tg\/#\/schema\/logo\/image\/"}},{"@type":"Person","@id":"https:\/\/kooyanews.tg\/#\/schema\/person\/1a129874b7f047e8ad17efbd89b7c839","name":"KOOYA NEWS","image":{"@type":"ImageObject","inLanguage":"fr-FR","@id":"https:\/\/secure.gravatar.com\/avatar\/7362e9e39fe15f98d5af5b55c717d135000d9bb052eaef8de7bbce8437936a35?s=96&d=mm&r=g","url":"https:\/\/secure.gravatar.com\/avatar\/7362e9e39fe15f98d5af5b55c717d135000d9bb052eaef8de7bbce8437936a35?s=96&d=mm&r=g","contentUrl":"https:\/\/secure.gravatar.com\/avatar\/7362e9e39fe15f98d5af5b55c717d135000d9bb052eaef8de7bbce8437936a35?s=96&d=mm&r=g","caption":"KOOYA NEWS"},"url":"https:\/\/kooyanews.tg\/index.php\/author\/kooya\/"}]}},"_links":{"self":[{"href":"https:\/\/kooyanews.tg\/index.php\/wp-json\/wp\/v2\/posts\/6638","targetHints":{"allow":["GET"]}}],"collection":[{"href":"https:\/\/kooyanews.tg\/index.php\/wp-json\/wp\/v2\/posts"}],"about":[{"href":"https:\/\/kooyanews.tg\/index.php\/wp-json\/wp\/v2\/types\/post"}],"author":[{"embeddable":true,"href":"https:\/\/kooyanews.tg\/index.php\/wp-json\/wp\/v2\/users\/2"}],"replies":[{"embeddable":true,"href":"https:\/\/kooyanews.tg\/index.php\/wp-json\/wp\/v2\/comments?post=6638"}],"version-history":[{"count":2,"href":"https:\/\/kooyanews.tg\/index.php\/wp-json\/wp\/v2\/posts\/6638\/revisions"}],"predecessor-version":[{"id":6651,"href":"https:\/\/kooyanews.tg\/index.php\/wp-json\/wp\/v2\/posts\/6638\/revisions\/6651"}],"wp:featuredmedia":[{"embeddable":true,"href":"https:\/\/kooyanews.tg\/index.php\/wp-json\/wp\/v2\/media\/6648"}],"wp:attachment":[{"href":"https:\/\/kooyanews.tg\/index.php\/wp-json\/wp\/v2\/media?parent=6638"}],"wp:term":[{"taxonomy":"category","embeddable":true,"href":"https:\/\/kooyanews.tg\/index.php\/wp-json\/wp\/v2\/categories?post=6638"},{"taxonomy":"post_tag","embeddable":true,"href":"https:\/\/kooyanews.tg\/index.php\/wp-json\/wp\/v2\/tags?post=6638"}],"curies":[{"name":"wp","href":"https:\/\/api.w.org\/{rel}","templated":true}]}}