{"id":6623,"date":"2026-09-04T08:25:56","date_gmt":"2026-09-04T08:25:56","guid":{"rendered":"https:\/\/kooyanews.tg\/?p=6623"},"modified":"2026-09-04T08:25:59","modified_gmt":"2026-09-04T08:25:59","slug":"adjafi-2026-cap-sur-lincubation-permanente-avec-le-pitch-de-startups-et-de-projets-innovants","status":"publish","type":"post","link":"https:\/\/kooyanews.tg\/index.php\/a-la-une\/adjafi-2026-cap-sur-lincubation-permanente-avec-le-pitch-de-startups-et-de-projets-innovants\/","title":{"rendered":"Adjafi 2026: cap sur l\u2019incubation permanente avec le pitch de startups et de projets innovants"},"content":{"rendered":"\n<figure class=\"wp-block-gallery has-nested-images columns-default is-cropped wp-block-gallery-1 is-layout-flex wp-block-gallery-is-layout-flex\">\n<figure class=\"wp-block-image size-large\"><img fetchpriority=\"high\" decoding=\"async\" width=\"1024\" height=\"215\" data-id=\"6385\" src=\"https:\/\/kooyanews.tg\/wp-content\/uploads\/2026\/08\/1000978380-1024x215.jpg\" alt=\"\" class=\"wp-image-6385\" srcset=\"https:\/\/kooyanews.tg\/wp-content\/uploads\/2026\/08\/1000978380-1024x215.jpg 1024w, https:\/\/kooyanews.tg\/wp-content\/uploads\/2026\/08\/1000978380-300x63.jpg 300w, https:\/\/kooyanews.tg\/wp-content\/uploads\/2026\/08\/1000978380-768x161.jpg 768w, https:\/\/kooyanews.tg\/wp-content\/uploads\/2026\/08\/1000978380-1536x322.jpg 1536w, https:\/\/kooyanews.tg\/wp-content\/uploads\/2026\/08\/1000978380-2048x429.jpg 2048w\" sizes=\"(max-width: 1024px) 100vw, 1024px\" \/><\/figure>\n<\/figure>\n\n\n\n<p class=\"wp-block-paragraph\">La 14\u1d49 \u00e9dition de la Foire <a href=\"https:\/\/kooyanews.tg\/index.php\/a-la-une\/adjafi-2026-quand-les-communes-jouent-la-carte-de-lagro-transformation-pour-booster-les-jeunes-entrepreneurs\/\" data-type=\"post\" data-id=\"6613\">Adjafi<\/a>, qui se tient au lyc\u00e9e d\u2019Ago\u00e8-Nyiv\u00e9, a marqu\u00e9 un tournant strat\u00e9gique ce jeudi 03 septembre 2026. Plus qu\u2019un simple salon commercial, l\u2019\u00e9v\u00e9nement a affirm\u00e9 sa nouvelle vocation avec une session de <a href=\"https:\/\/bulletininfo.com\/foire-adjafi-les-startups-innovantes-mises-en-lumiere-et-orientees-vers-le-financement\/\" data-type=\"link\" data-id=\"https:\/\/bulletininfo.com\/foire-adjafi-les-startups-innovantes-mises-en-lumiere-et-orientees-vers-le-financement\/\">pitch<\/a> d\u00e9di\u00e9e aux startups et aux porteurs de projets innovants, dans le cadre de l\u2019initiative \u00ab Place aux Startups Innovantes \u00bb.<\/p>\n\n\n\n<p class=\"wp-block-paragraph\">L\u2019objectif affich\u00e9 \u00e9tait clair: sortir du cadre ponctuel de l\u2019exposition pour s\u2019imposer comme un acc\u00e9l\u00e9rateur de l\u2019\u00e9conomie togolaise en offrant aux jeunes talents un acc\u00e8s direct au financement, au mentorat et \u00e0 un r\u00e9seau d\u2019experts.<\/p>\n\n\n\n<p class=\"wp-block-paragraph\"><strong>Vers une plateforme nationale permanente<\/strong><\/p>\n\n\n\n<p class=\"wp-block-paragraph\">\u00ab Nous ne voulons plus \u00eatre seulement une foire annuelle, mais une plateforme nationale permanente qui accompagne les entrepreneurs \u00bb, a r\u00e9sum\u00e9 Ali Abdel Halim Tour\u00e9, \u00e9conomiste, sp\u00e9cialiste de la finance islamique et partenaire de l\u2019\u00e9v\u00e9nement. Cette nouvelle \u00e8re se concr\u00e9tise par la mise en place de programmes structurants.<\/p>\n\n\n\n<p class=\"wp-block-paragraph\">Parmi eux, l\u2019\u00ab Adjafi Finance Business Hub\u00bb a permis \u00e0 une quinzaine d\u2019entrepreneurs de b\u00e9n\u00e9ficier de conseils pointus en comptabilit\u00e9, fiscalit\u00e9, propri\u00e9t\u00e9 intellectuelle et \u00e9laboration de business plans.<\/p>\n\n\n\n<figure class=\"wp-block-gallery has-nested-images columns-default is-cropped wp-block-gallery-2 is-layout-flex wp-block-gallery-is-layout-flex\">\n<figure class=\"wp-block-image size-full\"><img decoding=\"async\" width=\"993\" height=\"788\" data-id=\"6626\" src=\"https:\/\/kooyanews.tg\/wp-content\/uploads\/2026\/09\/1001101819.jpg\" alt=\"\" class=\"wp-image-6626\" srcset=\"https:\/\/kooyanews.tg\/wp-content\/uploads\/2026\/09\/1001101819.jpg 993w, https:\/\/kooyanews.tg\/wp-content\/uploads\/2026\/09\/1001101819-767x609.jpg 767w, https:\/\/kooyanews.tg\/wp-content\/uploads\/2026\/09\/1001101819-300x238.jpg 300w\" sizes=\"(max-width: 993px) 100vw, 993px\" \/><\/figure>\n<\/figure>\n\n\n\n<p class=\"wp-block-paragraph\">\u00ab En tout et pour tout, il y a eu 11 projets en termes d\u2019innovation. Et pour l\u2019Adjafi Finance Business Hub, il y a eu 15 inscriptions et 15 projets, 15 entrepreneurs qui ont \u00e9t\u00e9 \u00e9cout\u00e9s et conseill\u00e9s \u00bb, a-t-il indiqu\u00e9.<\/p>\n\n\n\n<p class=\"wp-block-paragraph\"><strong>Au-del\u00e0 de la foire, un accompagnement continu<\/strong><\/p>\n\n\n\n<p class=\"wp-block-paragraph\">La force de cette nouvelle approche r\u00e9side dans la continuit\u00e9. Contrairement aux \u00e9ditions pr\u00e9c\u00e9dentes, les porteurs de projets ne seront pas laiss\u00e9s \u00e0 eux-m\u00eames \u00e0 l\u2019issue du salon. \u00ab Nous avons toutes ces entreprises dans notre base de donn\u00e9es. Nous les accompagnons pour mieux les structurer \u00bb, a assur\u00e9 M. Tour\u00e9, insistant sur la volont\u00e9 de cr\u00e9er un vivier de projets viables et p\u00e9rennes.<\/p>\n\n\n\n<p class=\"wp-block-paragraph\">Le d\u00e9fi du financement et de la viabilit\u00e9Si l\u2019enthousiasme \u00e9tait palpable, les r\u00e9alit\u00e9s \u00e9conomiques ont \u00e9t\u00e9 rappel\u00e9es par les acteurs financiers pr\u00e9sents. M. Atitso K. Georges, directeur de l\u2019exploitation commerciale \u00e0 la Coop\u00e9rative d\u2019\u00c9pargne et de Cr\u00e9dit des Artisans (CECA) et membre du jury, a salu\u00e9 la qualit\u00e9 des projets tout en soulignant l\u2019urgence de leur financement.<\/p>\n\n\n\n<p class=\"wp-block-paragraph\">\u00ab Ces projets ont vraiment besoin de financement. Un projet sans financement, c\u2019est une lettre morte \u00bb, a-t-il martel\u00e9. Il a toutefois appel\u00e9 les jeunes entrepreneurs \u00e0 la rigueur : \u00ab En tant que financiers, nous devons avoir des retours sur nos investissements. Il est crucial de mieux ma\u00eetriser ses co\u00fbts de production et de se diff\u00e9rencier de la concurrence\u00bb.<\/p>\n\n\n\n<p class=\"wp-block-paragraph\">En se r\u00e9inventant en incubateur permanent, la Foire Adjafi 2026 ne se contente plus de r\u00e9v\u00e9ler les talents : elle se donne les moyens de les transformer en acteurs \u00e9conomiques solides, pr\u00eats \u00e0 r\u00e9pondre durablement aux besoins du march\u00e9 togolais.<\/p>\n\n\n\n<p class=\"wp-block-paragraph\">Edoh<\/p>\n\n\n\n<p class=\"wp-block-paragraph\">Pour vos reportages, annonces et publicit\u00e9s, contactez (00228) 91284171\/79910266; E-mail: maximinayena@gmail.com<\/p>\n\n\n\n<figure class=\"wp-block-gallery has-nested-images columns-default is-cropped wp-block-gallery-3 is-layout-flex wp-block-gallery-is-layout-flex\">\n<figure class=\"wp-block-image size-large\"><img decoding=\"async\" width=\"723\" height=\"1024\" data-id=\"5988\" src=\"https:\/\/kooyanews.tg\/wp-content\/uploads\/2026\/07\/1000785505-723x1024.webp\" alt=\"\" class=\"wp-image-5988\" srcset=\"https:\/\/kooyanews.tg\/wp-content\/uploads\/2026\/07\/1000785505-723x1024.webp 723w, https:\/\/kooyanews.tg\/wp-content\/uploads\/2026\/07\/1000785505-212x300.webp 212w, https:\/\/kooyanews.tg\/wp-content\/uploads\/2026\/07\/1000785505-768x1087.webp 768w, https:\/\/kooyanews.tg\/wp-content\/uploads\/2026\/07\/1000785505.webp 904w\" sizes=\"(max-width: 723px) 100vw, 723px\" \/><\/figure>\n<\/figure>\n","protected":false},"excerpt":{"rendered":"<p>La 14\u1d49 \u00e9dition de la Foire Adjafi, qui se tient au lyc\u00e9e d\u2019Ago\u00e8-Nyiv\u00e9, a marqu\u00e9 un tournant strat\u00e9gique ce jeudi 03 septembre 2026. Plus qu\u2019un simple salon commercial, l\u2019\u00e9v\u00e9nement a affirm\u00e9 sa nouvelle vocation avec une session de pitch d\u00e9di\u00e9e aux startups et aux porteurs de projets innovants, dans le cadre de l\u2019initiative \u00ab Place [&hellip;]<\/p>\n","protected":false},"author":2,"featured_media":6627,"comment_status":"open","ping_status":"open","sticky":false,"template":"","format":"standard","meta":{"footnotes":""},"categories":[30,28],"tags":[876,899],"class_list":["post-6623","post","type-post","status-publish","format-standard","has-post-thumbnail","hentry","category-a-la-une","category-ecofinance","tag-adjafi-2026","tag-pitch"],"yoast_head":"<!-- This site is optimized with the Yoast SEO plugin v28.4 - https:\/\/yoast.com\/product\/yoast-seo-wordpress\/ -->\n<title>Adjafi 2026: cap sur l\u2019incubation permanente avec le pitch de startups et de projets innovants - KOOYA NEWS<\/title>\n<meta name=\"robots\" content=\"index, follow, max-snippet:-1, max-image-preview:large, max-video-preview:-1\" \/>\n<link rel=\"canonical\" href=\"https:\/\/kooyanews.tg\/index.php\/a-la-une\/adjafi-2026-cap-sur-lincubation-permanente-avec-le-pitch-de-startups-et-de-projets-innovants\/\" \/>\n<meta property=\"og:locale\" content=\"fr_FR\" \/>\n<meta property=\"og:type\" content=\"article\" \/>\n<meta property=\"og:title\" content=\"Adjafi 2026: cap sur l\u2019incubation permanente avec le pitch de startups et de projets innovants - KOOYA NEWS\" \/>\n<meta property=\"og:description\" content=\"La 14\u1d49 \u00e9dition de la Foire Adjafi, qui se tient au lyc\u00e9e d\u2019Ago\u00e8-Nyiv\u00e9, a marqu\u00e9 un tournant strat\u00e9gique ce jeudi 03 septembre 2026. Plus qu\u2019un simple salon commercial, l\u2019\u00e9v\u00e9nement a affirm\u00e9 sa nouvelle vocation avec une session de pitch d\u00e9di\u00e9e aux startups et aux porteurs de projets innovants, dans le cadre de l\u2019initiative \u00ab Place [&hellip;]\" \/>\n<meta property=\"og:url\" content=\"https:\/\/kooyanews.tg\/index.php\/a-la-une\/adjafi-2026-cap-sur-lincubation-permanente-avec-le-pitch-de-startups-et-de-projets-innovants\/\" \/>\n<meta property=\"og:site_name\" content=\"KOOYA NEWS\" \/>\n<meta property=\"article:published_time\" content=\"2026-09-04T08:25:56+00:00\" \/>\n<meta property=\"article:modified_time\" content=\"2026-09-04T08:25:59+00:00\" \/>\n<meta property=\"og:image\" content=\"https:\/\/kooyanews.tg\/wp-content\/uploads\/2026\/09\/IMG_20260903_131918-1024x768-1.jpg\" \/>\n\t<meta property=\"og:image:width\" content=\"1024\" \/>\n\t<meta property=\"og:image:height\" content=\"768\" \/>\n\t<meta property=\"og:image:type\" content=\"image\/jpeg\" \/>\n<meta name=\"author\" content=\"KOOYA NEWS\" \/>\n<meta name=\"twitter:card\" content=\"summary_large_image\" \/>\n<meta name=\"twitter:label1\" content=\"\u00c9crit par\" \/>\n\t<meta name=\"twitter:data1\" content=\"KOOYA NEWS\" \/>\n\t<meta name=\"twitter:label2\" content=\"Dur\u00e9e de lecture estim\u00e9e\" \/>\n\t<meta name=\"twitter:data2\" content=\"4 minutes\" \/>\n<script type=\"application\/ld+json\" class=\"yoast-schema-graph\">{\"@context\":\"https:\\\/\\\/schema.org\",\"@graph\":[{\"@type\":\"Article\",\"@id\":\"https:\\\/\\\/kooyanews.tg\\\/index.php\\\/a-la-une\\\/adjafi-2026-cap-sur-lincubation-permanente-avec-le-pitch-de-startups-et-de-projets-innovants\\\/#article\",\"isPartOf\":{\"@id\":\"https:\\\/\\\/kooyanews.tg\\\/index.php\\\/a-la-une\\\/adjafi-2026-cap-sur-lincubation-permanente-avec-le-pitch-de-startups-et-de-projets-innovants\\\/\"},\"author\":{\"name\":\"KOOYA NEWS\",\"@id\":\"https:\\\/\\\/kooyanews.tg\\\/#\\\/schema\\\/person\\\/1a129874b7f047e8ad17efbd89b7c839\"},\"headline\":\"Adjafi 2026: cap sur l\u2019incubation permanente avec le pitch de startups et de projets innovants\",\"datePublished\":\"2026-09-04T08:25:56+00:00\",\"dateModified\":\"2026-09-04T08:25:59+00:00\",\"mainEntityOfPage\":{\"@id\":\"https:\\\/\\\/kooyanews.tg\\\/index.php\\\/a-la-une\\\/adjafi-2026-cap-sur-lincubation-permanente-avec-le-pitch-de-startups-et-de-projets-innovants\\\/\"},\"wordCount\":507,\"commentCount\":1,\"publisher\":{\"@id\":\"https:\\\/\\\/kooyanews.tg\\\/#organization\"},\"image\":{\"@id\":\"https:\\\/\\\/kooyanews.tg\\\/index.php\\\/a-la-une\\\/adjafi-2026-cap-sur-lincubation-permanente-avec-le-pitch-de-startups-et-de-projets-innovants\\\/#primaryimage\"},\"thumbnailUrl\":\"https:\\\/\\\/kooyanews.tg\\\/wp-content\\\/uploads\\\/2026\\\/09\\\/IMG_20260903_131918-1024x768-1.jpg\",\"keywords\":[\"#Adjafi 2026\",\"#pitch\"],\"articleSection\":[\"A la une\",\"Ecofinance\"],\"inLanguage\":\"fr-FR\",\"potentialAction\":[{\"@type\":\"CommentAction\",\"name\":\"Comment\",\"target\":[\"https:\\\/\\\/kooyanews.tg\\\/index.php\\\/a-la-une\\\/adjafi-2026-cap-sur-lincubation-permanente-avec-le-pitch-de-startups-et-de-projets-innovants\\\/#respond\"]}]},{\"@type\":\"WebPage\",\"@id\":\"https:\\\/\\\/kooyanews.tg\\\/index.php\\\/a-la-une\\\/adjafi-2026-cap-sur-lincubation-permanente-avec-le-pitch-de-startups-et-de-projets-innovants\\\/\",\"url\":\"https:\\\/\\\/kooyanews.tg\\\/index.php\\\/a-la-une\\\/adjafi-2026-cap-sur-lincubation-permanente-avec-le-pitch-de-startups-et-de-projets-innovants\\\/\",\"name\":\"Adjafi 2026: cap sur l\u2019incubation permanente avec le pitch de startups et de projets innovants - KOOYA NEWS\",\"isPartOf\":{\"@id\":\"https:\\\/\\\/kooyanews.tg\\\/#website\"},\"primaryImageOfPage\":{\"@id\":\"https:\\\/\\\/kooyanews.tg\\\/index.php\\\/a-la-une\\\/adjafi-2026-cap-sur-lincubation-permanente-avec-le-pitch-de-startups-et-de-projets-innovants\\\/#primaryimage\"},\"image\":{\"@id\":\"https:\\\/\\\/kooyanews.tg\\\/index.php\\\/a-la-une\\\/adjafi-2026-cap-sur-lincubation-permanente-avec-le-pitch-de-startups-et-de-projets-innovants\\\/#primaryimage\"},\"thumbnailUrl\":\"https:\\\/\\\/kooyanews.tg\\\/wp-content\\\/uploads\\\/2026\\\/09\\\/IMG_20260903_131918-1024x768-1.jpg\",\"datePublished\":\"2026-09-04T08:25:56+00:00\",\"dateModified\":\"2026-09-04T08:25:59+00:00\",\"breadcrumb\":{\"@id\":\"https:\\\/\\\/kooyanews.tg\\\/index.php\\\/a-la-une\\\/adjafi-2026-cap-sur-lincubation-permanente-avec-le-pitch-de-startups-et-de-projets-innovants\\\/#breadcrumb\"},\"inLanguage\":\"fr-FR\",\"potentialAction\":[{\"@type\":\"ReadAction\",\"target\":[\"https:\\\/\\\/kooyanews.tg\\\/index.php\\\/a-la-une\\\/adjafi-2026-cap-sur-lincubation-permanente-avec-le-pitch-de-startups-et-de-projets-innovants\\\/\"]}]},{\"@type\":\"ImageObject\",\"inLanguage\":\"fr-FR\",\"@id\":\"https:\\\/\\\/kooyanews.tg\\\/index.php\\\/a-la-une\\\/adjafi-2026-cap-sur-lincubation-permanente-avec-le-pitch-de-startups-et-de-projets-innovants\\\/#primaryimage\",\"url\":\"https:\\\/\\\/kooyanews.tg\\\/wp-content\\\/uploads\\\/2026\\\/09\\\/IMG_20260903_131918-1024x768-1.jpg\",\"contentUrl\":\"https:\\\/\\\/kooyanews.tg\\\/wp-content\\\/uploads\\\/2026\\\/09\\\/IMG_20260903_131918-1024x768-1.jpg\",\"width\":1024,\"height\":768},{\"@type\":\"BreadcrumbList\",\"@id\":\"https:\\\/\\\/kooyanews.tg\\\/index.php\\\/a-la-une\\\/adjafi-2026-cap-sur-lincubation-permanente-avec-le-pitch-de-startups-et-de-projets-innovants\\\/#breadcrumb\",\"itemListElement\":[{\"@type\":\"ListItem\",\"position\":1,\"name\":\"Accueil\",\"item\":\"https:\\\/\\\/kooyanews.tg\\\/\"},{\"@type\":\"ListItem\",\"position\":2,\"name\":\"Adjafi 2026: cap sur l\u2019incubation permanente avec le pitch de startups et de projets innovants\"}]},{\"@type\":\"WebSite\",\"@id\":\"https:\\\/\\\/kooyanews.tg\\\/#website\",\"url\":\"https:\\\/\\\/kooyanews.tg\\\/\",\"name\":\"KOOYA NEWS\",\"description\":\"\",\"publisher\":{\"@id\":\"https:\\\/\\\/kooyanews.tg\\\/#organization\"},\"potentialAction\":[{\"@type\":\"SearchAction\",\"target\":{\"@type\":\"EntryPoint\",\"urlTemplate\":\"https:\\\/\\\/kooyanews.tg\\\/?s={search_term_string}\"},\"query-input\":{\"@type\":\"PropertyValueSpecification\",\"valueRequired\":true,\"valueName\":\"search_term_string\"}}],\"inLanguage\":\"fr-FR\"},{\"@type\":\"Organization\",\"@id\":\"https:\\\/\\\/kooyanews.tg\\\/#organization\",\"name\":\"KOOYA NEWS\",\"url\":\"https:\\\/\\\/kooyanews.tg\\\/\",\"logo\":{\"@type\":\"ImageObject\",\"inLanguage\":\"fr-FR\",\"@id\":\"https:\\\/\\\/kooyanews.tg\\\/#\\\/schema\\\/logo\\\/image\\\/\",\"url\":\"https:\\\/\\\/kooyanews.tg\\\/wp-content\\\/uploads\\\/2025\\\/06\\\/cropped-logo-e1749035109291.jpg\",\"contentUrl\":\"https:\\\/\\\/kooyanews.tg\\\/wp-content\\\/uploads\\\/2025\\\/06\\\/cropped-logo-e1749035109291.jpg\",\"width\":512,\"height\":512,\"caption\":\"KOOYA NEWS\"},\"image\":{\"@id\":\"https:\\\/\\\/kooyanews.tg\\\/#\\\/schema\\\/logo\\\/image\\\/\"}},{\"@type\":\"Person\",\"@id\":\"https:\\\/\\\/kooyanews.tg\\\/#\\\/schema\\\/person\\\/1a129874b7f047e8ad17efbd89b7c839\",\"name\":\"KOOYA NEWS\",\"image\":{\"@type\":\"ImageObject\",\"inLanguage\":\"fr-FR\",\"@id\":\"https:\\\/\\\/secure.gravatar.com\\\/avatar\\\/7362e9e39fe15f98d5af5b55c717d135000d9bb052eaef8de7bbce8437936a35?s=96&d=mm&r=g\",\"url\":\"https:\\\/\\\/secure.gravatar.com\\\/avatar\\\/7362e9e39fe15f98d5af5b55c717d135000d9bb052eaef8de7bbce8437936a35?s=96&d=mm&r=g\",\"contentUrl\":\"https:\\\/\\\/secure.gravatar.com\\\/avatar\\\/7362e9e39fe15f98d5af5b55c717d135000d9bb052eaef8de7bbce8437936a35?s=96&d=mm&r=g\",\"caption\":\"KOOYA NEWS\"},\"url\":\"https:\\\/\\\/kooyanews.tg\\\/index.php\\\/author\\\/kooya\\\/\"}]}<\/script>\n<!-- \/ Yoast SEO plugin. -->","yoast_head_json":{"title":"Adjafi 2026: cap sur l\u2019incubation permanente avec le pitch de startups et de projets innovants - KOOYA NEWS","robots":{"index":"index","follow":"follow","max-snippet":"max-snippet:-1","max-image-preview":"max-image-preview:large","max-video-preview":"max-video-preview:-1"},"canonical":"https:\/\/kooyanews.tg\/index.php\/a-la-une\/adjafi-2026-cap-sur-lincubation-permanente-avec-le-pitch-de-startups-et-de-projets-innovants\/","og_locale":"fr_FR","og_type":"article","og_title":"Adjafi 2026: cap sur l\u2019incubation permanente avec le pitch de startups et de projets innovants - KOOYA NEWS","og_description":"La 14\u1d49 \u00e9dition de la Foire Adjafi, qui se tient au lyc\u00e9e d\u2019Ago\u00e8-Nyiv\u00e9, a marqu\u00e9 un tournant strat\u00e9gique ce jeudi 03 septembre 2026. Plus qu\u2019un simple salon commercial, l\u2019\u00e9v\u00e9nement a affirm\u00e9 sa nouvelle vocation avec une session de pitch d\u00e9di\u00e9e aux startups et aux porteurs de projets innovants, dans le cadre de l\u2019initiative \u00ab Place [&hellip;]","og_url":"https:\/\/kooyanews.tg\/index.php\/a-la-une\/adjafi-2026-cap-sur-lincubation-permanente-avec-le-pitch-de-startups-et-de-projets-innovants\/","og_site_name":"KOOYA NEWS","article_published_time":"2026-09-04T08:25:56+00:00","article_modified_time":"2026-09-04T08:25:59+00:00","og_image":[{"width":1024,"height":768,"url":"https:\/\/kooyanews.tg\/wp-content\/uploads\/2026\/09\/IMG_20260903_131918-1024x768-1.jpg","type":"image\/jpeg"}],"author":"KOOYA NEWS","twitter_card":"summary_large_image","twitter_misc":{"\u00c9crit par":"KOOYA NEWS","Dur\u00e9e de lecture estim\u00e9e":"4 minutes"},"schema":{"@context":"https:\/\/schema.org","@graph":[{"@type":"Article","@id":"https:\/\/kooyanews.tg\/index.php\/a-la-une\/adjafi-2026-cap-sur-lincubation-permanente-avec-le-pitch-de-startups-et-de-projets-innovants\/#article","isPartOf":{"@id":"https:\/\/kooyanews.tg\/index.php\/a-la-une\/adjafi-2026-cap-sur-lincubation-permanente-avec-le-pitch-de-startups-et-de-projets-innovants\/"},"author":{"name":"KOOYA NEWS","@id":"https:\/\/kooyanews.tg\/#\/schema\/person\/1a129874b7f047e8ad17efbd89b7c839"},"headline":"Adjafi 2026: cap sur l\u2019incubation permanente avec le pitch de startups et de projets innovants","datePublished":"2026-09-04T08:25:56+00:00","dateModified":"2026-09-04T08:25:59+00:00","mainEntityOfPage":{"@id":"https:\/\/kooyanews.tg\/index.php\/a-la-une\/adjafi-2026-cap-sur-lincubation-permanente-avec-le-pitch-de-startups-et-de-projets-innovants\/"},"wordCount":507,"commentCount":1,"publisher":{"@id":"https:\/\/kooyanews.tg\/#organization"},"image":{"@id":"https:\/\/kooyanews.tg\/index.php\/a-la-une\/adjafi-2026-cap-sur-lincubation-permanente-avec-le-pitch-de-startups-et-de-projets-innovants\/#primaryimage"},"thumbnailUrl":"https:\/\/kooyanews.tg\/wp-content\/uploads\/2026\/09\/IMG_20260903_131918-1024x768-1.jpg","keywords":["#Adjafi 2026","#pitch"],"articleSection":["A la une","Ecofinance"],"inLanguage":"fr-FR","potentialAction":[{"@type":"CommentAction","name":"Comment","target":["https:\/\/kooyanews.tg\/index.php\/a-la-une\/adjafi-2026-cap-sur-lincubation-permanente-avec-le-pitch-de-startups-et-de-projets-innovants\/#respond"]}]},{"@type":"WebPage","@id":"https:\/\/kooyanews.tg\/index.php\/a-la-une\/adjafi-2026-cap-sur-lincubation-permanente-avec-le-pitch-de-startups-et-de-projets-innovants\/","url":"https:\/\/kooyanews.tg\/index.php\/a-la-une\/adjafi-2026-cap-sur-lincubation-permanente-avec-le-pitch-de-startups-et-de-projets-innovants\/","name":"Adjafi 2026: cap sur l\u2019incubation permanente avec le pitch de startups et de projets innovants - KOOYA NEWS","isPartOf":{"@id":"https:\/\/kooyanews.tg\/#website"},"primaryImageOfPage":{"@id":"https:\/\/kooyanews.tg\/index.php\/a-la-une\/adjafi-2026-cap-sur-lincubation-permanente-avec-le-pitch-de-startups-et-de-projets-innovants\/#primaryimage"},"image":{"@id":"https:\/\/kooyanews.tg\/index.php\/a-la-une\/adjafi-2026-cap-sur-lincubation-permanente-avec-le-pitch-de-startups-et-de-projets-innovants\/#primaryimage"},"thumbnailUrl":"https:\/\/kooyanews.tg\/wp-content\/uploads\/2026\/09\/IMG_20260903_131918-1024x768-1.jpg","datePublished":"2026-09-04T08:25:56+00:00","dateModified":"2026-09-04T08:25:59+00:00","breadcrumb":{"@id":"https:\/\/kooyanews.tg\/index.php\/a-la-une\/adjafi-2026-cap-sur-lincubation-permanente-avec-le-pitch-de-startups-et-de-projets-innovants\/#breadcrumb"},"inLanguage":"fr-FR","potentialAction":[{"@type":"ReadAction","target":["https:\/\/kooyanews.tg\/index.php\/a-la-une\/adjafi-2026-cap-sur-lincubation-permanente-avec-le-pitch-de-startups-et-de-projets-innovants\/"]}]},{"@type":"ImageObject","inLanguage":"fr-FR","@id":"https:\/\/kooyanews.tg\/index.php\/a-la-une\/adjafi-2026-cap-sur-lincubation-permanente-avec-le-pitch-de-startups-et-de-projets-innovants\/#primaryimage","url":"https:\/\/kooyanews.tg\/wp-content\/uploads\/2026\/09\/IMG_20260903_131918-1024x768-1.jpg","contentUrl":"https:\/\/kooyanews.tg\/wp-content\/uploads\/2026\/09\/IMG_20260903_131918-1024x768-1.jpg","width":1024,"height":768},{"@type":"BreadcrumbList","@id":"https:\/\/kooyanews.tg\/index.php\/a-la-une\/adjafi-2026-cap-sur-lincubation-permanente-avec-le-pitch-de-startups-et-de-projets-innovants\/#breadcrumb","itemListElement":[{"@type":"ListItem","position":1,"name":"Accueil","item":"https:\/\/kooyanews.tg\/"},{"@type":"ListItem","position":2,"name":"Adjafi 2026: cap sur l\u2019incubation permanente avec le pitch de startups et de projets innovants"}]},{"@type":"WebSite","@id":"https:\/\/kooyanews.tg\/#website","url":"https:\/\/kooyanews.tg\/","name":"KOOYA NEWS","description":"","publisher":{"@id":"https:\/\/kooyanews.tg\/#organization"},"potentialAction":[{"@type":"SearchAction","target":{"@type":"EntryPoint","urlTemplate":"https:\/\/kooyanews.tg\/?s={search_term_string}"},"query-input":{"@type":"PropertyValueSpecification","valueRequired":true,"valueName":"search_term_string"}}],"inLanguage":"fr-FR"},{"@type":"Organization","@id":"https:\/\/kooyanews.tg\/#organization","name":"KOOYA NEWS","url":"https:\/\/kooyanews.tg\/","logo":{"@type":"ImageObject","inLanguage":"fr-FR","@id":"https:\/\/kooyanews.tg\/#\/schema\/logo\/image\/","url":"https:\/\/kooyanews.tg\/wp-content\/uploads\/2025\/06\/cropped-logo-e1749035109291.jpg","contentUrl":"https:\/\/kooyanews.tg\/wp-content\/uploads\/2025\/06\/cropped-logo-e1749035109291.jpg","width":512,"height":512,"caption":"KOOYA NEWS"},"image":{"@id":"https:\/\/kooyanews.tg\/#\/schema\/logo\/image\/"}},{"@type":"Person","@id":"https:\/\/kooyanews.tg\/#\/schema\/person\/1a129874b7f047e8ad17efbd89b7c839","name":"KOOYA NEWS","image":{"@type":"ImageObject","inLanguage":"fr-FR","@id":"https:\/\/secure.gravatar.com\/avatar\/7362e9e39fe15f98d5af5b55c717d135000d9bb052eaef8de7bbce8437936a35?s=96&d=mm&r=g","url":"https:\/\/secure.gravatar.com\/avatar\/7362e9e39fe15f98d5af5b55c717d135000d9bb052eaef8de7bbce8437936a35?s=96&d=mm&r=g","contentUrl":"https:\/\/secure.gravatar.com\/avatar\/7362e9e39fe15f98d5af5b55c717d135000d9bb052eaef8de7bbce8437936a35?s=96&d=mm&r=g","caption":"KOOYA NEWS"},"url":"https:\/\/kooyanews.tg\/index.php\/author\/kooya\/"}]}},"_links":{"self":[{"href":"https:\/\/kooyanews.tg\/index.php\/wp-json\/wp\/v2\/posts\/6623","targetHints":{"allow":["GET"]}}],"collection":[{"href":"https:\/\/kooyanews.tg\/index.php\/wp-json\/wp\/v2\/posts"}],"about":[{"href":"https:\/\/kooyanews.tg\/index.php\/wp-json\/wp\/v2\/types\/post"}],"author":[{"embeddable":true,"href":"https:\/\/kooyanews.tg\/index.php\/wp-json\/wp\/v2\/users\/2"}],"replies":[{"embeddable":true,"href":"https:\/\/kooyanews.tg\/index.php\/wp-json\/wp\/v2\/comments?post=6623"}],"version-history":[{"count":1,"href":"https:\/\/kooyanews.tg\/index.php\/wp-json\/wp\/v2\/posts\/6623\/revisions"}],"predecessor-version":[{"id":6628,"href":"https:\/\/kooyanews.tg\/index.php\/wp-json\/wp\/v2\/posts\/6623\/revisions\/6628"}],"wp:featuredmedia":[{"embeddable":true,"href":"https:\/\/kooyanews.tg\/index.php\/wp-json\/wp\/v2\/media\/6627"}],"wp:attachment":[{"href":"https:\/\/kooyanews.tg\/index.php\/wp-json\/wp\/v2\/media?parent=6623"}],"wp:term":[{"taxonomy":"category","embeddable":true,"href":"https:\/\/kooyanews.tg\/index.php\/wp-json\/wp\/v2\/categories?post=6623"},{"taxonomy":"post_tag","embeddable":true,"href":"https:\/\/kooyanews.tg\/index.php\/wp-json\/wp\/v2\/tags?post=6623"}],"curies":[{"name":"wp","href":"https:\/\/api.w.org\/{rel}","templated":true}]}}