{"id":6593,"date":"2026-09-01T22:42:40","date_gmt":"2026-09-01T22:42:40","guid":{"rendered":"https:\/\/kooyanews.tg\/?p=6593"},"modified":"2026-09-02T11:56:39","modified_gmt":"2026-09-02T11:56:39","slug":"ooas-le-professeur-vincent-pitche-officiellement-aux-commandes","status":"publish","type":"post","link":"https:\/\/kooyanews.tg\/index.php\/a-la-une\/ooas-le-professeur-vincent-pitche-officiellement-aux-commandes\/","title":{"rendered":"OOAS: le Professeur Palokinam T. Pitche officiellement aux commandes"},"content":{"rendered":"\n<figure class=\"wp-block-gallery has-nested-images columns-default is-cropped wp-block-gallery-1 is-layout-flex wp-block-gallery-is-layout-flex\">\n<figure class=\"wp-block-image size-large\"><img fetchpriority=\"high\" decoding=\"async\" width=\"730\" height=\"183\" data-id=\"6443\" src=\"https:\/\/kooyanews.tg\/wp-content\/uploads\/2026\/08\/1001055193.png\" alt=\"\" class=\"wp-image-6443\" srcset=\"https:\/\/kooyanews.tg\/wp-content\/uploads\/2026\/08\/1001055193.png 730w, https:\/\/kooyanews.tg\/wp-content\/uploads\/2026\/08\/1001055193-300x75.png 300w\" sizes=\"(max-width: 730px) 100vw, 730px\" \/><\/figure>\n<\/figure>\n\n\n\n<p class=\"wp-block-paragraph\">Le Togolais Palokinam T. <a href=\"https:\/\/impartialactu.tg\/cedeao-qui-est-le-professeur-palokinam-t-pitche-nouveau-directeur-general-de-looas\/\" data-type=\"link\" data-id=\"https:\/\/impartialactu.tg\/cedeao-qui-est-le-professeur-palokinam-t-pitche-nouveau-directeur-general-de-looas\/\">Pitche<\/a> a pris les r\u00eanes de l&rsquo;Organisation Ouest-Africaine de la Sant\u00e9 (<a href=\"https:\/\/kooyanews.tg\/index.php\/a-la-une\/urgences-sanitaires-looas-dote-les-etats-membres-de-la-cedeao-de-30-ambulances-medicalisees\/\" data-type=\"post\" data-id=\"6360\">OOAS<\/a>), ce 1er septembre 2026. Un changement \u00e0 la t\u00eate de l&rsquo;institution qui intervient dans un contexte sanitaire r\u00e9gional marqu\u00e9 par l&rsquo;\u00e9mergence de nouveaux risques, la fragilit\u00e9 chronique des syst\u00e8mes de sant\u00e9 et la n\u00e9cessit\u00e9 d&rsquo;une coop\u00e9ration renforc\u00e9e entre les quinze \u00c9tats membres de la CEDEAO.<\/p>\n\n\n\n<p class=\"wp-block-paragraph\"><strong>Un homme de terrain \u00e0 la t\u00eate d&rsquo;une institution strat\u00e9gique<\/strong><\/p>\n\n\n\n<p class=\"wp-block-paragraph\">Si le Professeur Palokinam T. Pitche est un universitaire reconnu \u2013 fort de plus de 250 publications et de quatre ouvrages \u2013 c&rsquo;est d&rsquo;abord un homme de terrain que les \u00c9tats ouest-africains ont choisi pour piloter l&rsquo;OOAS. M\u00e9decin hospitalier, il n&rsquo;a jamais quitt\u00e9 les services du CHU Sylvanus Olympio de Lom\u00e9, o\u00f9 il dirige le service de dermato-v\u00e9n\u00e9r\u00e9ologie depuis 2015. Cette double casquette \u2013 praticien et chercheur \u2013 pourrait bien faire la diff\u00e9rence dans un poste o\u00f9 les d\u00e9cisions doivent constamment conjuguer rigueur scientifique et r\u00e9alit\u00e9 clinique.<\/p>\n\n\n\n<p class=\"wp-block-paragraph\"><strong>Un pari sur l&rsquo;exp\u00e9rience face aux crises sanitaires<\/strong><\/p>\n\n\n\n<p class=\"wp-block-paragraph\">Les prochaines ann\u00e9es s&rsquo;annoncent d\u00e9cisives. L&rsquo;OOAS devra notamment consolider la s\u00e9curit\u00e9 sanitaire r\u00e9gionale, alors que les menaces \u00e9pid\u00e9miques (fi\u00e8vres h\u00e9morragiques, chol\u00e9ra, mpox) ne cessent de se multiplier; acc\u00e9l\u00e9rer la couverture vaccinale et la pr\u00e9paration aux urgences dans une r\u00e9gion o\u00f9 les syst\u00e8mes d&rsquo;alerte restent in\u00e9gaux; \u00e9duire les in\u00e9galit\u00e9s d&rsquo;acc\u00e8s aux soins entre pays c\u00f4tiers et sah\u00e9liens, entre zones urbaines et rurales; et p\u00e9renniser les r\u00e9formes engag\u00e9es sous le mandat de son pr\u00e9d\u00e9cesseur, le Dr Melchior Athanase Jo\u00ebl A\u00efssi, tout en insufflant une nouvelle dynamique.<\/p>\n\n\n\n<p class=\"wp-block-paragraph\">Le nouveau Directeur g\u00e9n\u00e9ral devra \u00e9galement mobiliser des financements suppl\u00e9mentaires aupr\u00e8s des bailleurs internationaux, dans un contexte de concurrence accrue pour l&rsquo;aide au d\u00e9veloppement.<\/p>\n\n\n\n<p class=\"wp-block-paragraph\"><strong>L&rsquo;atout \u00ab\u00a0multisectorialit\u00e9\u00a0\u00bb pour f\u00e9d\u00e9rer les acteurs<\/strong><\/p>\n\n\n\n<p class=\"wp-block-paragraph\">L&rsquo;un des atouts majeurs du Professeur Pitche r\u00e9side dans son exp\u00e9rience \u00e0 la t\u00eate du Conseil national de lutte contre le Sida et les IST au Togo, une structure multisectorielle rattach\u00e9e \u00e0 la Pr\u00e9sidence de la R\u00e9publique. Pendant pr\u00e8s de quinze ans, il a appris \u00e0 naviguer entre minist\u00e8res, partenaires techniques (OMS, ONUSIDA, USAID) et organisations communautaires. Une comp\u00e9tence pr\u00e9cieuse pour une OOAS qui doit constamment arbitrer entre les int\u00e9r\u00eats nationaux et l&rsquo;imp\u00e9ratif r\u00e9gional.<\/p>\n\n\n\n<p class=\"wp-block-paragraph\"><strong>Un d\u00e9fi g\u00e9n\u00e9rationnel et scientifique<\/strong><\/p>\n\n\n\n<p class=\"wp-block-paragraph\">\u00c0 60 ans pass\u00e9s, le Professeur Pitche incarne aussi une forme de continuit\u00e9 : form\u00e9 dans les grandes institutions internationales (Johns Hopkins, Universit\u00e9 Paris-Sud, OMS Gen\u00e8ve), il a grandi avec les premi\u00e8res g\u00e9n\u00e9rations de sp\u00e9cialistes ouest-africains de la sant\u00e9 publique. Mais il devra d\u00e9sormais composer avec des attentes nouvelles: la mont\u00e9e des intelligences artificielles en sant\u00e9, la transformation num\u00e9rique des syst\u00e8mes d&rsquo;information, et l&rsquo;\u00e9mergence d&rsquo;une jeunesse africaine de plus en plus exigeante en mati\u00e8re de qualit\u00e9 des soins.<\/p>\n\n\n\n<p class=\"wp-block-paragraph\"><strong>Une nomination per\u00e7ue comme un signal fort<\/strong><\/p>\n\n\n\n<p class=\"wp-block-paragraph\">Le choix d&rsquo;un Togolais pour succ\u00e9der au B\u00e9ninois Dr A\u00efssi n&rsquo;est pas anodin. Il refl\u00e8te la volont\u00e9 de la CEDEAO de maintenir un \u00e9quilibre r\u00e9gional tout en privil\u00e9giant l&rsquo;excellence scientifique. Surtout, il envoie un message clair : l&rsquo;OOAS veut s&rsquo;appuyer sur des profils hybrides, capables de comprendre \u00e0 la fois les rouages institutionnels de Lom\u00e9, de Gen\u00e8ve ou de Washington, et la r\u00e9alit\u00e9 des dispensaires les plus recul\u00e9s de la r\u00e9gion.<\/p>\n\n\n\n<p class=\"wp-block-paragraph\"><strong>Les prochains rendez-vous<\/strong><\/p>\n\n\n\n<p class=\"wp-block-paragraph\">D\u00e8s les prochaines semaines, le Professeur Pitche devrait pr\u00e9senter sa feuille de route aux ministres de la Sant\u00e9 de la CEDEAO. Parmi les dossiers br\u00fblants : la finalisation du projet de pharmacop\u00e9e r\u00e9gionale, la mutualisation des achats de m\u00e9dicaments essentiels, et le renforcement des laboratoires de r\u00e9f\u00e9rence face aux risques \u00e9pid\u00e9miques.<\/p>\n\n\n\n<p class=\"wp-block-paragraph\"><strong>Un nouveau souffle pour la sant\u00e9 en Afrique de l&rsquo;Ouest ?<\/strong><\/p>\n\n\n\n<p class=\"wp-block-paragraph\">Certainement! Avec le Professeur Palokinam T. Pitche, l&rsquo;OOAS mise sur un homme dont le parcours illustre l&rsquo;alliance entre la recherche acad\u00e9mique et l&rsquo;engagement citoyen. Cette double comp\u00e9tence lui permettra de relever les d\u00e9fis colossaux d&rsquo;une r\u00e9gion o\u00f9 l&rsquo;esp\u00e9rance de vie reste parmi les plus faibles du monde, et o\u00f9 les crises sanitaires s&rsquo;encha\u00eenent sans r\u00e9pit.<\/p>\n\n\n\n<p class=\"wp-block-paragraph\">Une chose est s\u00fbre : les regards sont d\u00e9sormais tourn\u00e9s vers Lom\u00e9, o\u00f9 le nouveau Directeur g\u00e9n\u00e9ral devra rapidement transformer ses promesses en actes concrets pour les 400 millions d&rsquo;habitants de l&rsquo;espace CEDEAO.<\/p>\n\n\n\n<p class=\"wp-block-paragraph\">La r\u00e9daction<\/p>\n\n\n\n<p class=\"wp-block-paragraph\">Pour vos reportages, annonces et publicit\u00e9s, contactez (00228) 91284171\/79910266; E-mail: maximinayena@gmail.com<\/p>\n\n\n\n<figure class=\"wp-block-gallery has-nested-images columns-default is-cropped wp-block-gallery-2 is-layout-flex wp-block-gallery-is-layout-flex\">\n<figure class=\"wp-block-image size-large\"><img decoding=\"async\" width=\"768\" height=\"1024\" data-id=\"5698\" src=\"https:\/\/kooyanews.tg\/wp-content\/uploads\/2026\/06\/IMG-20260419-WA0042-768x1024.jpg\" alt=\"\" class=\"wp-image-5698\" srcset=\"https:\/\/kooyanews.tg\/wp-content\/uploads\/2026\/06\/IMG-20260419-WA0042-768x1024.jpg 768w, https:\/\/kooyanews.tg\/wp-content\/uploads\/2026\/06\/IMG-20260419-WA0042-225x300.jpg 225w, https:\/\/kooyanews.tg\/wp-content\/uploads\/2026\/06\/IMG-20260419-WA0042.jpg 780w\" sizes=\"(max-width: 768px) 100vw, 768px\" \/><\/figure>\n<\/figure>\n","protected":false},"excerpt":{"rendered":"<p>Le Togolais Palokinam T. Pitche a pris les r\u00eanes de l&rsquo;Organisation Ouest-Africaine de la Sant\u00e9 (OOAS), ce 1er septembre 2026. Un changement \u00e0 la t\u00eate de l&rsquo;institution qui intervient dans un contexte sanitaire r\u00e9gional marqu\u00e9 par l&rsquo;\u00e9mergence de nouveaux risques, la fragilit\u00e9 chronique des syst\u00e8mes de sant\u00e9 et la n\u00e9cessit\u00e9 d&rsquo;une coop\u00e9ration renforc\u00e9e entre les [&hellip;]<\/p>\n","protected":false},"author":2,"featured_media":6595,"comment_status":"open","ping_status":"open","sticky":false,"template":"","format":"standard","meta":{"footnotes":""},"categories":[30,22,25],"tags":[647],"class_list":["post-6593","post","type-post","status-publish","format-standard","has-post-thumbnail","hentry","category-a-la-une","category-international","category-sante","tag-ooas"],"yoast_head":"<!-- This site is optimized with the Yoast SEO plugin v28.4 - https:\/\/yoast.com\/product\/yoast-seo-wordpress\/ -->\n<title>OOAS: le Professeur Palokinam T. Pitche officiellement aux commandes - KOOYA NEWS<\/title>\n<meta name=\"robots\" content=\"index, follow, max-snippet:-1, max-image-preview:large, max-video-preview:-1\" \/>\n<link rel=\"canonical\" href=\"https:\/\/kooyanews.tg\/index.php\/a-la-une\/ooas-le-professeur-vincent-pitche-officiellement-aux-commandes\/\" \/>\n<meta property=\"og:locale\" content=\"fr_FR\" \/>\n<meta property=\"og:type\" content=\"article\" \/>\n<meta property=\"og:title\" content=\"OOAS: le Professeur Palokinam T. Pitche officiellement aux commandes - KOOYA NEWS\" \/>\n<meta property=\"og:description\" content=\"Le Togolais Palokinam T. Pitche a pris les r\u00eanes de l&rsquo;Organisation Ouest-Africaine de la Sant\u00e9 (OOAS), ce 1er septembre 2026. Un changement \u00e0 la t\u00eate de l&rsquo;institution qui intervient dans un contexte sanitaire r\u00e9gional marqu\u00e9 par l&rsquo;\u00e9mergence de nouveaux risques, la fragilit\u00e9 chronique des syst\u00e8mes de sant\u00e9 et la n\u00e9cessit\u00e9 d&rsquo;une coop\u00e9ration renforc\u00e9e entre les [&hellip;]\" \/>\n<meta property=\"og:url\" content=\"https:\/\/kooyanews.tg\/index.php\/a-la-une\/ooas-le-professeur-vincent-pitche-officiellement-aux-commandes\/\" \/>\n<meta property=\"og:site_name\" content=\"KOOYA NEWS\" \/>\n<meta property=\"article:published_time\" content=\"2026-09-01T22:42:40+00:00\" \/>\n<meta property=\"article:modified_time\" content=\"2026-09-02T11:56:39+00:00\" \/>\n<meta property=\"og:image\" content=\"https:\/\/kooyanews.tg\/wp-content\/uploads\/2026\/09\/Screenshot_20260901-223019-1.png\" \/>\n\t<meta property=\"og:image:width\" content=\"671\" \/>\n\t<meta property=\"og:image:height\" content=\"492\" \/>\n\t<meta property=\"og:image:type\" content=\"image\/png\" \/>\n<meta name=\"author\" content=\"KOOYA NEWS\" \/>\n<meta name=\"twitter:card\" content=\"summary_large_image\" \/>\n<meta name=\"twitter:label1\" content=\"\u00c9crit par\" \/>\n\t<meta name=\"twitter:data1\" content=\"KOOYA NEWS\" \/>\n\t<meta name=\"twitter:label2\" content=\"Dur\u00e9e de lecture estim\u00e9e\" \/>\n\t<meta name=\"twitter:data2\" content=\"5 minutes\" \/>\n<script type=\"application\/ld+json\" class=\"yoast-schema-graph\">{\"@context\":\"https:\\\/\\\/schema.org\",\"@graph\":[{\"@type\":\"Article\",\"@id\":\"https:\\\/\\\/kooyanews.tg\\\/index.php\\\/a-la-une\\\/ooas-le-professeur-vincent-pitche-officiellement-aux-commandes\\\/#article\",\"isPartOf\":{\"@id\":\"https:\\\/\\\/kooyanews.tg\\\/index.php\\\/a-la-une\\\/ooas-le-professeur-vincent-pitche-officiellement-aux-commandes\\\/\"},\"author\":{\"name\":\"KOOYA NEWS\",\"@id\":\"https:\\\/\\\/kooyanews.tg\\\/#\\\/schema\\\/person\\\/1a129874b7f047e8ad17efbd89b7c839\"},\"headline\":\"OOAS: le Professeur Palokinam T. Pitche officiellement aux commandes\",\"datePublished\":\"2026-09-01T22:42:40+00:00\",\"dateModified\":\"2026-09-02T11:56:39+00:00\",\"mainEntityOfPage\":{\"@id\":\"https:\\\/\\\/kooyanews.tg\\\/index.php\\\/a-la-une\\\/ooas-le-professeur-vincent-pitche-officiellement-aux-commandes\\\/\"},\"wordCount\":816,\"commentCount\":0,\"publisher\":{\"@id\":\"https:\\\/\\\/kooyanews.tg\\\/#organization\"},\"image\":{\"@id\":\"https:\\\/\\\/kooyanews.tg\\\/index.php\\\/a-la-une\\\/ooas-le-professeur-vincent-pitche-officiellement-aux-commandes\\\/#primaryimage\"},\"thumbnailUrl\":\"https:\\\/\\\/kooyanews.tg\\\/wp-content\\\/uploads\\\/2026\\\/09\\\/Screenshot_20260901-223019-1.png\",\"keywords\":[\"#OOAS\"],\"articleSection\":[\"A la une\",\"International\",\"Sant\u00e9\"],\"inLanguage\":\"fr-FR\",\"potentialAction\":[{\"@type\":\"CommentAction\",\"name\":\"Comment\",\"target\":[\"https:\\\/\\\/kooyanews.tg\\\/index.php\\\/a-la-une\\\/ooas-le-professeur-vincent-pitche-officiellement-aux-commandes\\\/#respond\"]}]},{\"@type\":\"WebPage\",\"@id\":\"https:\\\/\\\/kooyanews.tg\\\/index.php\\\/a-la-une\\\/ooas-le-professeur-vincent-pitche-officiellement-aux-commandes\\\/\",\"url\":\"https:\\\/\\\/kooyanews.tg\\\/index.php\\\/a-la-une\\\/ooas-le-professeur-vincent-pitche-officiellement-aux-commandes\\\/\",\"name\":\"OOAS: le Professeur Palokinam T. Pitche officiellement aux commandes - KOOYA NEWS\",\"isPartOf\":{\"@id\":\"https:\\\/\\\/kooyanews.tg\\\/#website\"},\"primaryImageOfPage\":{\"@id\":\"https:\\\/\\\/kooyanews.tg\\\/index.php\\\/a-la-une\\\/ooas-le-professeur-vincent-pitche-officiellement-aux-commandes\\\/#primaryimage\"},\"image\":{\"@id\":\"https:\\\/\\\/kooyanews.tg\\\/index.php\\\/a-la-une\\\/ooas-le-professeur-vincent-pitche-officiellement-aux-commandes\\\/#primaryimage\"},\"thumbnailUrl\":\"https:\\\/\\\/kooyanews.tg\\\/wp-content\\\/uploads\\\/2026\\\/09\\\/Screenshot_20260901-223019-1.png\",\"datePublished\":\"2026-09-01T22:42:40+00:00\",\"dateModified\":\"2026-09-02T11:56:39+00:00\",\"breadcrumb\":{\"@id\":\"https:\\\/\\\/kooyanews.tg\\\/index.php\\\/a-la-une\\\/ooas-le-professeur-vincent-pitche-officiellement-aux-commandes\\\/#breadcrumb\"},\"inLanguage\":\"fr-FR\",\"potentialAction\":[{\"@type\":\"ReadAction\",\"target\":[\"https:\\\/\\\/kooyanews.tg\\\/index.php\\\/a-la-une\\\/ooas-le-professeur-vincent-pitche-officiellement-aux-commandes\\\/\"]}]},{\"@type\":\"ImageObject\",\"inLanguage\":\"fr-FR\",\"@id\":\"https:\\\/\\\/kooyanews.tg\\\/index.php\\\/a-la-une\\\/ooas-le-professeur-vincent-pitche-officiellement-aux-commandes\\\/#primaryimage\",\"url\":\"https:\\\/\\\/kooyanews.tg\\\/wp-content\\\/uploads\\\/2026\\\/09\\\/Screenshot_20260901-223019-1.png\",\"contentUrl\":\"https:\\\/\\\/kooyanews.tg\\\/wp-content\\\/uploads\\\/2026\\\/09\\\/Screenshot_20260901-223019-1.png\",\"width\":671,\"height\":492},{\"@type\":\"BreadcrumbList\",\"@id\":\"https:\\\/\\\/kooyanews.tg\\\/index.php\\\/a-la-une\\\/ooas-le-professeur-vincent-pitche-officiellement-aux-commandes\\\/#breadcrumb\",\"itemListElement\":[{\"@type\":\"ListItem\",\"position\":1,\"name\":\"Accueil\",\"item\":\"https:\\\/\\\/kooyanews.tg\\\/\"},{\"@type\":\"ListItem\",\"position\":2,\"name\":\"OOAS: le Professeur Palokinam T. Pitche officiellement aux commandes\"}]},{\"@type\":\"WebSite\",\"@id\":\"https:\\\/\\\/kooyanews.tg\\\/#website\",\"url\":\"https:\\\/\\\/kooyanews.tg\\\/\",\"name\":\"KOOYA NEWS\",\"description\":\"\",\"publisher\":{\"@id\":\"https:\\\/\\\/kooyanews.tg\\\/#organization\"},\"potentialAction\":[{\"@type\":\"SearchAction\",\"target\":{\"@type\":\"EntryPoint\",\"urlTemplate\":\"https:\\\/\\\/kooyanews.tg\\\/?s={search_term_string}\"},\"query-input\":{\"@type\":\"PropertyValueSpecification\",\"valueRequired\":true,\"valueName\":\"search_term_string\"}}],\"inLanguage\":\"fr-FR\"},{\"@type\":\"Organization\",\"@id\":\"https:\\\/\\\/kooyanews.tg\\\/#organization\",\"name\":\"KOOYA NEWS\",\"url\":\"https:\\\/\\\/kooyanews.tg\\\/\",\"logo\":{\"@type\":\"ImageObject\",\"inLanguage\":\"fr-FR\",\"@id\":\"https:\\\/\\\/kooyanews.tg\\\/#\\\/schema\\\/logo\\\/image\\\/\",\"url\":\"https:\\\/\\\/kooyanews.tg\\\/wp-content\\\/uploads\\\/2025\\\/06\\\/cropped-logo-e1749035109291.jpg\",\"contentUrl\":\"https:\\\/\\\/kooyanews.tg\\\/wp-content\\\/uploads\\\/2025\\\/06\\\/cropped-logo-e1749035109291.jpg\",\"width\":512,\"height\":512,\"caption\":\"KOOYA NEWS\"},\"image\":{\"@id\":\"https:\\\/\\\/kooyanews.tg\\\/#\\\/schema\\\/logo\\\/image\\\/\"}},{\"@type\":\"Person\",\"@id\":\"https:\\\/\\\/kooyanews.tg\\\/#\\\/schema\\\/person\\\/1a129874b7f047e8ad17efbd89b7c839\",\"name\":\"KOOYA NEWS\",\"image\":{\"@type\":\"ImageObject\",\"inLanguage\":\"fr-FR\",\"@id\":\"https:\\\/\\\/secure.gravatar.com\\\/avatar\\\/7362e9e39fe15f98d5af5b55c717d135000d9bb052eaef8de7bbce8437936a35?s=96&d=mm&r=g\",\"url\":\"https:\\\/\\\/secure.gravatar.com\\\/avatar\\\/7362e9e39fe15f98d5af5b55c717d135000d9bb052eaef8de7bbce8437936a35?s=96&d=mm&r=g\",\"contentUrl\":\"https:\\\/\\\/secure.gravatar.com\\\/avatar\\\/7362e9e39fe15f98d5af5b55c717d135000d9bb052eaef8de7bbce8437936a35?s=96&d=mm&r=g\",\"caption\":\"KOOYA NEWS\"},\"url\":\"https:\\\/\\\/kooyanews.tg\\\/index.php\\\/author\\\/kooya\\\/\"}]}<\/script>\n<!-- \/ Yoast SEO plugin. -->","yoast_head_json":{"title":"OOAS: le Professeur Palokinam T. Pitche officiellement aux commandes - KOOYA NEWS","robots":{"index":"index","follow":"follow","max-snippet":"max-snippet:-1","max-image-preview":"max-image-preview:large","max-video-preview":"max-video-preview:-1"},"canonical":"https:\/\/kooyanews.tg\/index.php\/a-la-une\/ooas-le-professeur-vincent-pitche-officiellement-aux-commandes\/","og_locale":"fr_FR","og_type":"article","og_title":"OOAS: le Professeur Palokinam T. Pitche officiellement aux commandes - KOOYA NEWS","og_description":"Le Togolais Palokinam T. Pitche a pris les r\u00eanes de l&rsquo;Organisation Ouest-Africaine de la Sant\u00e9 (OOAS), ce 1er septembre 2026. Un changement \u00e0 la t\u00eate de l&rsquo;institution qui intervient dans un contexte sanitaire r\u00e9gional marqu\u00e9 par l&rsquo;\u00e9mergence de nouveaux risques, la fragilit\u00e9 chronique des syst\u00e8mes de sant\u00e9 et la n\u00e9cessit\u00e9 d&rsquo;une coop\u00e9ration renforc\u00e9e entre les [&hellip;]","og_url":"https:\/\/kooyanews.tg\/index.php\/a-la-une\/ooas-le-professeur-vincent-pitche-officiellement-aux-commandes\/","og_site_name":"KOOYA NEWS","article_published_time":"2026-09-01T22:42:40+00:00","article_modified_time":"2026-09-02T11:56:39+00:00","og_image":[{"width":671,"height":492,"url":"https:\/\/kooyanews.tg\/wp-content\/uploads\/2026\/09\/Screenshot_20260901-223019-1.png","type":"image\/png"}],"author":"KOOYA NEWS","twitter_card":"summary_large_image","twitter_misc":{"\u00c9crit par":"KOOYA NEWS","Dur\u00e9e de lecture estim\u00e9e":"5 minutes"},"schema":{"@context":"https:\/\/schema.org","@graph":[{"@type":"Article","@id":"https:\/\/kooyanews.tg\/index.php\/a-la-une\/ooas-le-professeur-vincent-pitche-officiellement-aux-commandes\/#article","isPartOf":{"@id":"https:\/\/kooyanews.tg\/index.php\/a-la-une\/ooas-le-professeur-vincent-pitche-officiellement-aux-commandes\/"},"author":{"name":"KOOYA NEWS","@id":"https:\/\/kooyanews.tg\/#\/schema\/person\/1a129874b7f047e8ad17efbd89b7c839"},"headline":"OOAS: le Professeur Palokinam T. Pitche officiellement aux commandes","datePublished":"2026-09-01T22:42:40+00:00","dateModified":"2026-09-02T11:56:39+00:00","mainEntityOfPage":{"@id":"https:\/\/kooyanews.tg\/index.php\/a-la-une\/ooas-le-professeur-vincent-pitche-officiellement-aux-commandes\/"},"wordCount":816,"commentCount":0,"publisher":{"@id":"https:\/\/kooyanews.tg\/#organization"},"image":{"@id":"https:\/\/kooyanews.tg\/index.php\/a-la-une\/ooas-le-professeur-vincent-pitche-officiellement-aux-commandes\/#primaryimage"},"thumbnailUrl":"https:\/\/kooyanews.tg\/wp-content\/uploads\/2026\/09\/Screenshot_20260901-223019-1.png","keywords":["#OOAS"],"articleSection":["A la une","International","Sant\u00e9"],"inLanguage":"fr-FR","potentialAction":[{"@type":"CommentAction","name":"Comment","target":["https:\/\/kooyanews.tg\/index.php\/a-la-une\/ooas-le-professeur-vincent-pitche-officiellement-aux-commandes\/#respond"]}]},{"@type":"WebPage","@id":"https:\/\/kooyanews.tg\/index.php\/a-la-une\/ooas-le-professeur-vincent-pitche-officiellement-aux-commandes\/","url":"https:\/\/kooyanews.tg\/index.php\/a-la-une\/ooas-le-professeur-vincent-pitche-officiellement-aux-commandes\/","name":"OOAS: le Professeur Palokinam T. Pitche officiellement aux commandes - KOOYA NEWS","isPartOf":{"@id":"https:\/\/kooyanews.tg\/#website"},"primaryImageOfPage":{"@id":"https:\/\/kooyanews.tg\/index.php\/a-la-une\/ooas-le-professeur-vincent-pitche-officiellement-aux-commandes\/#primaryimage"},"image":{"@id":"https:\/\/kooyanews.tg\/index.php\/a-la-une\/ooas-le-professeur-vincent-pitche-officiellement-aux-commandes\/#primaryimage"},"thumbnailUrl":"https:\/\/kooyanews.tg\/wp-content\/uploads\/2026\/09\/Screenshot_20260901-223019-1.png","datePublished":"2026-09-01T22:42:40+00:00","dateModified":"2026-09-02T11:56:39+00:00","breadcrumb":{"@id":"https:\/\/kooyanews.tg\/index.php\/a-la-une\/ooas-le-professeur-vincent-pitche-officiellement-aux-commandes\/#breadcrumb"},"inLanguage":"fr-FR","potentialAction":[{"@type":"ReadAction","target":["https:\/\/kooyanews.tg\/index.php\/a-la-une\/ooas-le-professeur-vincent-pitche-officiellement-aux-commandes\/"]}]},{"@type":"ImageObject","inLanguage":"fr-FR","@id":"https:\/\/kooyanews.tg\/index.php\/a-la-une\/ooas-le-professeur-vincent-pitche-officiellement-aux-commandes\/#primaryimage","url":"https:\/\/kooyanews.tg\/wp-content\/uploads\/2026\/09\/Screenshot_20260901-223019-1.png","contentUrl":"https:\/\/kooyanews.tg\/wp-content\/uploads\/2026\/09\/Screenshot_20260901-223019-1.png","width":671,"height":492},{"@type":"BreadcrumbList","@id":"https:\/\/kooyanews.tg\/index.php\/a-la-une\/ooas-le-professeur-vincent-pitche-officiellement-aux-commandes\/#breadcrumb","itemListElement":[{"@type":"ListItem","position":1,"name":"Accueil","item":"https:\/\/kooyanews.tg\/"},{"@type":"ListItem","position":2,"name":"OOAS: le Professeur Palokinam T. Pitche officiellement aux commandes"}]},{"@type":"WebSite","@id":"https:\/\/kooyanews.tg\/#website","url":"https:\/\/kooyanews.tg\/","name":"KOOYA NEWS","description":"","publisher":{"@id":"https:\/\/kooyanews.tg\/#organization"},"potentialAction":[{"@type":"SearchAction","target":{"@type":"EntryPoint","urlTemplate":"https:\/\/kooyanews.tg\/?s={search_term_string}"},"query-input":{"@type":"PropertyValueSpecification","valueRequired":true,"valueName":"search_term_string"}}],"inLanguage":"fr-FR"},{"@type":"Organization","@id":"https:\/\/kooyanews.tg\/#organization","name":"KOOYA NEWS","url":"https:\/\/kooyanews.tg\/","logo":{"@type":"ImageObject","inLanguage":"fr-FR","@id":"https:\/\/kooyanews.tg\/#\/schema\/logo\/image\/","url":"https:\/\/kooyanews.tg\/wp-content\/uploads\/2025\/06\/cropped-logo-e1749035109291.jpg","contentUrl":"https:\/\/kooyanews.tg\/wp-content\/uploads\/2025\/06\/cropped-logo-e1749035109291.jpg","width":512,"height":512,"caption":"KOOYA NEWS"},"image":{"@id":"https:\/\/kooyanews.tg\/#\/schema\/logo\/image\/"}},{"@type":"Person","@id":"https:\/\/kooyanews.tg\/#\/schema\/person\/1a129874b7f047e8ad17efbd89b7c839","name":"KOOYA NEWS","image":{"@type":"ImageObject","inLanguage":"fr-FR","@id":"https:\/\/secure.gravatar.com\/avatar\/7362e9e39fe15f98d5af5b55c717d135000d9bb052eaef8de7bbce8437936a35?s=96&d=mm&r=g","url":"https:\/\/secure.gravatar.com\/avatar\/7362e9e39fe15f98d5af5b55c717d135000d9bb052eaef8de7bbce8437936a35?s=96&d=mm&r=g","contentUrl":"https:\/\/secure.gravatar.com\/avatar\/7362e9e39fe15f98d5af5b55c717d135000d9bb052eaef8de7bbce8437936a35?s=96&d=mm&r=g","caption":"KOOYA NEWS"},"url":"https:\/\/kooyanews.tg\/index.php\/author\/kooya\/"}]}},"_links":{"self":[{"href":"https:\/\/kooyanews.tg\/index.php\/wp-json\/wp\/v2\/posts\/6593","targetHints":{"allow":["GET"]}}],"collection":[{"href":"https:\/\/kooyanews.tg\/index.php\/wp-json\/wp\/v2\/posts"}],"about":[{"href":"https:\/\/kooyanews.tg\/index.php\/wp-json\/wp\/v2\/types\/post"}],"author":[{"embeddable":true,"href":"https:\/\/kooyanews.tg\/index.php\/wp-json\/wp\/v2\/users\/2"}],"replies":[{"embeddable":true,"href":"https:\/\/kooyanews.tg\/index.php\/wp-json\/wp\/v2\/comments?post=6593"}],"version-history":[{"count":3,"href":"https:\/\/kooyanews.tg\/index.php\/wp-json\/wp\/v2\/posts\/6593\/revisions"}],"predecessor-version":[{"id":6612,"href":"https:\/\/kooyanews.tg\/index.php\/wp-json\/wp\/v2\/posts\/6593\/revisions\/6612"}],"wp:featuredmedia":[{"embeddable":true,"href":"https:\/\/kooyanews.tg\/index.php\/wp-json\/wp\/v2\/media\/6595"}],"wp:attachment":[{"href":"https:\/\/kooyanews.tg\/index.php\/wp-json\/wp\/v2\/media?parent=6593"}],"wp:term":[{"taxonomy":"category","embeddable":true,"href":"https:\/\/kooyanews.tg\/index.php\/wp-json\/wp\/v2\/categories?post=6593"},{"taxonomy":"post_tag","embeddable":true,"href":"https:\/\/kooyanews.tg\/index.php\/wp-json\/wp\/v2\/tags?post=6593"}],"curies":[{"name":"wp","href":"https:\/\/api.w.org\/{rel}","templated":true}]}}