{"id":6569,"date":"2026-08-29T12:45:11","date_gmt":"2026-08-29T12:45:11","guid":{"rendered":"https:\/\/kooyanews.tg\/?p=6569"},"modified":"2026-08-29T13:01:58","modified_gmt":"2026-08-29T13:01:58","slug":"annee-scolaire-2026-2027-cdk-group-aux-aux-cotes-de-la-ltpe-pour-offrir-un-avenir-aux-enfants-vulnerables","status":"publish","type":"post","link":"https:\/\/kooyanews.tg\/index.php\/a-la-une\/annee-scolaire-2026-2027-cdk-group-aux-aux-cotes-de-la-ltpe-pour-offrir-un-avenir-aux-enfants-vulnerables\/","title":{"rendered":"Ann\u00e9e scolaire 2026-2027: CDK GROUP aux c\u00f4t\u00e9s de la LTPE pour offrir un avenir aux enfants vuln\u00e9rables"},"content":{"rendered":"\n<figure class=\"wp-block-gallery has-nested-images columns-default is-cropped wp-block-gallery-1 is-layout-flex wp-block-gallery-is-layout-flex\">\n<figure class=\"wp-block-image size-large\"><img fetchpriority=\"high\" decoding=\"async\" width=\"1024\" height=\"215\" data-id=\"6385\" src=\"https:\/\/kooyanews.tg\/wp-content\/uploads\/2026\/08\/1000978380-1024x215.jpg\" alt=\"\" class=\"wp-image-6385\" srcset=\"https:\/\/kooyanews.tg\/wp-content\/uploads\/2026\/08\/1000978380-1024x215.jpg 1024w, https:\/\/kooyanews.tg\/wp-content\/uploads\/2026\/08\/1000978380-300x63.jpg 300w, https:\/\/kooyanews.tg\/wp-content\/uploads\/2026\/08\/1000978380-768x161.jpg 768w, https:\/\/kooyanews.tg\/wp-content\/uploads\/2026\/08\/1000978380-1536x322.jpg 1536w, https:\/\/kooyanews.tg\/wp-content\/uploads\/2026\/08\/1000978380-2048x429.jpg 2048w\" sizes=\"(max-width: 1024px) 100vw, 1024px\" \/><\/figure>\n<\/figure>\n\n\n\n<p class=\"wp-block-paragraph\">A <a href=\"https:\/\/kooyanews.tg\/index.php\/a-la-une\/togo-education-pour-tous-plus-de-10-000-kits-scolaires-distribues-par-la-lpte-pour-offrir-un-avenir-aux-enfants-vulnerables\/\" data-type=\"post\" data-id=\"6548\">Yao-Kop\u00e9<\/a> dans la Pr\u00e9fecture d\u2019Amou, ce vendredi 28 ao\u00fbt, plus de 10 000 kits scolaires ont \u00e9t\u00e9 distribu\u00e9s aux enfants vuln\u00e9rables de la pr\u00e9fecture d\u2019Amou et des ses environs par la Ligue Togolaise pour la Protection de l\u2019Enfance (<a href=\"https:\/\/kooyanews.tg\/index.php\/a-la-une\/togo-education-pour-tous-plus-de-10-000-kits-scolaires-distribues-par-la-lpte-pour-offrir-un-avenir-aux-enfants-vulnerables\/\" data-type=\"link\" data-id=\"https:\/\/kooyanews.tg\/index.php\/a-la-une\/togo-education-pour-tous-plus-de-10-000-kits-scolaires-distribues-par-la-lpte-pour-offrir-un-avenir-aux-enfants-vulnerables\/\">LTPE<\/a>) \u00e0 travers la troisi\u00e8me \u00e9dition de l\u2019initiative \u00ab Education pour tous: 1 \u00e9l\u00e8ve, 1 kit, 1 choix de vie\u00bb.<\/p>\n\n\n\n<p class=\"wp-block-paragraph\">Une mobilisation exceptionnelle deux fois plus importante que l\u2019ann\u00e9e pr\u00e9c\u00e9dente, rendue possible gr\u00e2ce l\u2019engagement financier CDK Group, la premi\u00e8re entreprise sociale et solidaire olidaire du Togo.<\/p>\n\n\n\n<p class=\"wp-block-paragraph\"><strong>CDK GROUP, un partenaire financier engag\u00e9 au c\u0153ur de l\u2019action<\/strong><\/p>\n\n\n\n<p class=\"wp-block-paragraph\">Aux c\u00f4t\u00e9s d\u2019autres partenaires tels que CAP TOGO, la Fondation SEA, EBB et Terre d\u2019Espoir, CDK GROUP a contribu\u00e9 \u00e0 traduire dans les faits cette volont\u00e9 de la LTPE d\u2019aller encore plus loin dans la promotion de l\u2019\u00e9galit\u00e9 des chances \u00e0 l\u2019\u00e9cole.<\/p>\n\n\n\n<p class=\"wp-block-paragraph\">Pus de 10000 kits scolaires d\u2019une valeur totale de plus de 213 millions de FCFA, ont \u00e9t\u00e9 remis aux \u00e9l\u00e8ves vuln\u00e9rables lors de cette op\u00e9ration.<\/p>\n\n\n\n<p class=\"wp-block-paragraph\">L\u2019appui financier d\u00e9terminant de CDK Group ne se limite pas \u00e0 un simple m\u00e9c\u00e9nat : il s\u2019inscrit dans une vision globale o\u00f9 l\u2019entreprise utilise sa capacit\u00e9 de mobilisation pour financer des actions \u00e0 impact social durable.<\/p>\n\n\n\n<p class=\"wp-block-paragraph\"><strong>Quand la culture devient levier de solidarit\u00e9<\/strong><\/p>\n\n\n\n<p class=\"wp-block-paragraph\">Cette approche innovante, qui relie divertissement et engagement citoyen, se concr\u00e9tise notamment \u00e0 travers des \u00e9v\u00e9nements culturels dont les b\u00e9n\u00e9fices sont int\u00e9gralement revers\u00e9s \u00e0 des projets sociaux. C\u2019est dans cette dynamique que s\u2019inscrit le double concert 100% live de Joachin Migos, programm\u00e9 les 4 et 5 septembre 2026 au Palais des Congr\u00e8s de Lom\u00e9.<\/p>\n\n\n\n<figure class=\"wp-block-gallery has-nested-images columns-default is-cropped wp-block-gallery-2 is-layout-flex wp-block-gallery-is-layout-flex\">\n\n\n<figure class=\"wp-block-image size-large\"><img decoding=\"async\" width=\"1024\" height=\"683\" data-id=\"6573\" src=\"https:\/\/kooyanews.tg\/wp-content\/uploads\/2026\/08\/IMG-20260829-WA0014-1024x683.jpg\" alt=\"\" class=\"wp-image-6573\" srcset=\"https:\/\/kooyanews.tg\/wp-content\/uploads\/2026\/08\/IMG-20260829-WA0014-1024x683.jpg 1024w, https:\/\/kooyanews.tg\/wp-content\/uploads\/2026\/08\/IMG-20260829-WA0014-300x200.jpg 300w, https:\/\/kooyanews.tg\/wp-content\/uploads\/2026\/08\/IMG-20260829-WA0014-768x512.jpg 768w, https:\/\/kooyanews.tg\/wp-content\/uploads\/2026\/08\/IMG-20260829-WA0014.jpg 1080w\" sizes=\"(max-width: 1024px) 100vw, 1024px\" \/><\/figure>\n\n\n\n<figure class=\"wp-block-image size-large\"><img decoding=\"async\" width=\"1024\" height=\"682\" data-id=\"6574\" src=\"https:\/\/kooyanews.tg\/wp-content\/uploads\/2026\/08\/IMG-20260829-WA0021-1024x682.jpg\" alt=\"\" class=\"wp-image-6574\" srcset=\"https:\/\/kooyanews.tg\/wp-content\/uploads\/2026\/08\/IMG-20260829-WA0021-1024x682.jpg 1024w, https:\/\/kooyanews.tg\/wp-content\/uploads\/2026\/08\/IMG-20260829-WA0021-300x200.jpg 300w, https:\/\/kooyanews.tg\/wp-content\/uploads\/2026\/08\/IMG-20260829-WA0021-768x511.jpg 768w, https:\/\/kooyanews.tg\/wp-content\/uploads\/2026\/08\/IMG-20260829-WA0021.jpg 1280w\" sizes=\"(max-width: 1024px) 100vw, 1024px\" \/><\/figure>\n<\/figure>\n\n\n\n<p class=\"wp-block-paragraph\">Pour la premi\u00e8re fois au Togo, un artiste offrira deux soir\u00e9es cons\u00e9cutives de spectacle enti\u00e8rement en live, sans artifice ni playback, dans une exp\u00e9rience musicale authentique et immersive.<\/p>\n\n\n\n<p class=\"wp-block-paragraph\">Au-del\u00e0 de la prouesse artistique, chaque ticket achet\u00e9 contribue directement au financement d\u2019actions en faveur des populations vuln\u00e9rables, dans les domaines de la sant\u00e9, de l\u2019\u00e9ducation et de l\u2019insertion. La musique peut donc rimer avec transformation sociale.<\/p>\n\n\n\n<p class=\"wp-block-paragraph\"><strong>Un appel \u00e0 la mobilisation collective<\/strong><\/p>\n\n\n\n<p class=\"wp-block-paragraph\">Pour soutenir cette d\u00e9marche et permettre \u00e0 CDK Group de poursuivre ses actions aux c\u00f4t\u00e9s de ses structures partenaires, le public est invit\u00e9 \u00e0 acheter massivement les tickets du concert.<\/p>\n\n\n\n<p class=\"wp-block-paragraph\">Les billets sont disponibles en trois cat\u00e9gories : 5 000 FCFA (Standard), 10 000 FCFA (VIP) et 20 000 FCFA (SVIP) . Ils peuvent \u00eatre obtenus au si\u00e8ge de CDK Group, dans les points de vente partenaires, ou via les plateformes num\u00e9riques Gozem et Moov Money.<\/p>\n\n\n\n<p class=\"wp-block-paragraph\">En achetant un ticket, chaque spectateur devient acteur d\u2019une cha\u00eene de solidarit\u00e9 qui permet \u00e0 des milliers d\u2019enfants d\u2019acc\u00e9der \u00e0 l\u2019\u00e9ducation, \u00e0 la sant\u00e9 et \u00e0 un avenir meilleur.<\/p>\n\n\n\n<p class=\"wp-block-paragraph\">Rendez-vous les 4 et 5 septembre au Palais des Congr\u00e8s de Lom\u00e9 pour vivre deux nuits historiques, vibrer au rythme de Joachin Migos, et contribuer, par votre pr\u00e9sence, \u00e0 construire un Togo plus solidaire. Le live n\u2019attend plus que vous !<\/p>\n\n\n\n<p class=\"wp-block-paragraph\">Maximus<\/p>\n\n\n\n<p class=\"wp-block-paragraph\">Pour vos reportages, annonces et publicit\u00e9s, contactez (00228) 91284171\/79910266; E-mail: maximinayena@gmail.com<\/p>\n\n\n\n<figure class=\"wp-block-gallery has-nested-images columns-default is-cropped wp-block-gallery-3 is-layout-flex wp-block-gallery-is-layout-flex\">\n<figure class=\"wp-block-image size-large\"><img loading=\"lazy\" decoding=\"async\" width=\"723\" height=\"1024\" data-id=\"5988\" src=\"https:\/\/kooyanews.tg\/wp-content\/uploads\/2026\/07\/1000785505-723x1024.webp\" alt=\"\" class=\"wp-image-5988\" srcset=\"https:\/\/kooyanews.tg\/wp-content\/uploads\/2026\/07\/1000785505-723x1024.webp 723w, https:\/\/kooyanews.tg\/wp-content\/uploads\/2026\/07\/1000785505-212x300.webp 212w, https:\/\/kooyanews.tg\/wp-content\/uploads\/2026\/07\/1000785505-768x1087.webp 768w, https:\/\/kooyanews.tg\/wp-content\/uploads\/2026\/07\/1000785505.webp 904w\" sizes=\"(max-width: 723px) 100vw, 723px\" \/><\/figure>\n<\/figure>\n","protected":false},"excerpt":{"rendered":"<p>A Yao-Kop\u00e9 dans la Pr\u00e9fecture d\u2019Amou, ce vendredi 28 ao\u00fbt, plus de 10 000 kits scolaires ont \u00e9t\u00e9 distribu\u00e9s aux enfants vuln\u00e9rables de la pr\u00e9fecture d\u2019Amou et des ses environs par la Ligue Togolaise pour la Protection de l\u2019Enfance (LTPE) \u00e0 travers la troisi\u00e8me \u00e9dition de l\u2019initiative \u00ab Education pour tous: 1 \u00e9l\u00e8ve, 1 kit, [&hellip;]<\/p>\n","protected":false},"author":2,"featured_media":6554,"comment_status":"open","ping_status":"open","sticky":false,"template":"","format":"standard","meta":{"footnotes":""},"categories":[30,26],"tags":[372,886],"class_list":["post-6569","post","type-post","status-publish","format-standard","has-post-thumbnail","hentry","category-a-la-une","category-education","tag-cdk-group-2","tag-lpte"],"yoast_head":"<!-- This site is optimized with the Yoast SEO plugin v28.3 - https:\/\/yoast.com\/product\/yoast-seo-wordpress\/ -->\n<title>Ann\u00e9e scolaire 2026-2027: CDK GROUP aux c\u00f4t\u00e9s de la LTPE pour offrir un avenir aux enfants vuln\u00e9rables - KOOYA NEWS<\/title>\n<meta name=\"robots\" content=\"index, follow, max-snippet:-1, max-image-preview:large, max-video-preview:-1\" \/>\n<link rel=\"canonical\" href=\"https:\/\/kooyanews.tg\/index.php\/a-la-une\/annee-scolaire-2026-2027-cdk-group-aux-aux-cotes-de-la-ltpe-pour-offrir-un-avenir-aux-enfants-vulnerables\/\" \/>\n<meta property=\"og:locale\" content=\"fr_FR\" \/>\n<meta property=\"og:type\" content=\"article\" \/>\n<meta property=\"og:title\" content=\"Ann\u00e9e scolaire 2026-2027: CDK GROUP aux c\u00f4t\u00e9s de la LTPE pour offrir un avenir aux enfants vuln\u00e9rables - KOOYA NEWS\" \/>\n<meta property=\"og:description\" content=\"A Yao-Kop\u00e9 dans la Pr\u00e9fecture d\u2019Amou, ce vendredi 28 ao\u00fbt, plus de 10 000 kits scolaires ont \u00e9t\u00e9 distribu\u00e9s aux enfants vuln\u00e9rables de la pr\u00e9fecture d\u2019Amou et des ses environs par la Ligue Togolaise pour la Protection de l\u2019Enfance (LTPE) \u00e0 travers la troisi\u00e8me \u00e9dition de l\u2019initiative \u00ab Education pour tous: 1 \u00e9l\u00e8ve, 1 kit, [&hellip;]\" \/>\n<meta property=\"og:url\" content=\"https:\/\/kooyanews.tg\/index.php\/a-la-une\/annee-scolaire-2026-2027-cdk-group-aux-aux-cotes-de-la-ltpe-pour-offrir-un-avenir-aux-enfants-vulnerables\/\" \/>\n<meta property=\"og:site_name\" content=\"KOOYA NEWS\" \/>\n<meta property=\"article:published_time\" content=\"2026-08-29T12:45:11+00:00\" \/>\n<meta property=\"article:modified_time\" content=\"2026-08-29T13:01:58+00:00\" \/>\n<meta property=\"og:image\" content=\"https:\/\/kooyanews.tg\/wp-content\/uploads\/2026\/08\/1001083930-1.jpg\" \/>\n\t<meta property=\"og:image:width\" content=\"1080\" \/>\n\t<meta property=\"og:image:height\" content=\"720\" \/>\n\t<meta property=\"og:image:type\" content=\"image\/jpeg\" \/>\n<meta name=\"author\" content=\"KOOYA NEWS\" \/>\n<meta name=\"twitter:card\" content=\"summary_large_image\" \/>\n<meta name=\"twitter:label1\" content=\"\u00c9crit par\" \/>\n\t<meta name=\"twitter:data1\" content=\"KOOYA NEWS\" \/>\n\t<meta name=\"twitter:label2\" content=\"Dur\u00e9e de lecture estim\u00e9e\" \/>\n\t<meta name=\"twitter:data2\" content=\"4 minutes\" \/>\n<script type=\"application\/ld+json\" class=\"yoast-schema-graph\">{\"@context\":\"https:\\\/\\\/schema.org\",\"@graph\":[{\"@type\":\"Article\",\"@id\":\"https:\\\/\\\/kooyanews.tg\\\/index.php\\\/a-la-une\\\/annee-scolaire-2026-2027-cdk-group-aux-aux-cotes-de-la-ltpe-pour-offrir-un-avenir-aux-enfants-vulnerables\\\/#article\",\"isPartOf\":{\"@id\":\"https:\\\/\\\/kooyanews.tg\\\/index.php\\\/a-la-une\\\/annee-scolaire-2026-2027-cdk-group-aux-aux-cotes-de-la-ltpe-pour-offrir-un-avenir-aux-enfants-vulnerables\\\/\"},\"author\":{\"name\":\"KOOYA NEWS\",\"@id\":\"https:\\\/\\\/kooyanews.tg\\\/#\\\/schema\\\/person\\\/1a129874b7f047e8ad17efbd89b7c839\"},\"headline\":\"Ann\u00e9e scolaire 2026-2027: CDK GROUP aux c\u00f4t\u00e9s de la LTPE pour offrir un avenir aux enfants vuln\u00e9rables\",\"datePublished\":\"2026-08-29T12:45:11+00:00\",\"dateModified\":\"2026-08-29T13:01:58+00:00\",\"mainEntityOfPage\":{\"@id\":\"https:\\\/\\\/kooyanews.tg\\\/index.php\\\/a-la-une\\\/annee-scolaire-2026-2027-cdk-group-aux-aux-cotes-de-la-ltpe-pour-offrir-un-avenir-aux-enfants-vulnerables\\\/\"},\"wordCount\":540,\"commentCount\":0,\"publisher\":{\"@id\":\"https:\\\/\\\/kooyanews.tg\\\/#organization\"},\"image\":{\"@id\":\"https:\\\/\\\/kooyanews.tg\\\/index.php\\\/a-la-une\\\/annee-scolaire-2026-2027-cdk-group-aux-aux-cotes-de-la-ltpe-pour-offrir-un-avenir-aux-enfants-vulnerables\\\/#primaryimage\"},\"thumbnailUrl\":\"https:\\\/\\\/kooyanews.tg\\\/wp-content\\\/uploads\\\/2026\\\/08\\\/1001083930-1.jpg\",\"keywords\":[\"#CDK GROUP\",\"#LPTE\"],\"articleSection\":[\"A la une\",\"Education\"],\"inLanguage\":\"fr-FR\",\"potentialAction\":[{\"@type\":\"CommentAction\",\"name\":\"Comment\",\"target\":[\"https:\\\/\\\/kooyanews.tg\\\/index.php\\\/a-la-une\\\/annee-scolaire-2026-2027-cdk-group-aux-aux-cotes-de-la-ltpe-pour-offrir-un-avenir-aux-enfants-vulnerables\\\/#respond\"]}]},{\"@type\":\"WebPage\",\"@id\":\"https:\\\/\\\/kooyanews.tg\\\/index.php\\\/a-la-une\\\/annee-scolaire-2026-2027-cdk-group-aux-aux-cotes-de-la-ltpe-pour-offrir-un-avenir-aux-enfants-vulnerables\\\/\",\"url\":\"https:\\\/\\\/kooyanews.tg\\\/index.php\\\/a-la-une\\\/annee-scolaire-2026-2027-cdk-group-aux-aux-cotes-de-la-ltpe-pour-offrir-un-avenir-aux-enfants-vulnerables\\\/\",\"name\":\"Ann\u00e9e scolaire 2026-2027: CDK GROUP aux c\u00f4t\u00e9s de la LTPE pour offrir un avenir aux enfants vuln\u00e9rables - KOOYA NEWS\",\"isPartOf\":{\"@id\":\"https:\\\/\\\/kooyanews.tg\\\/#website\"},\"primaryImageOfPage\":{\"@id\":\"https:\\\/\\\/kooyanews.tg\\\/index.php\\\/a-la-une\\\/annee-scolaire-2026-2027-cdk-group-aux-aux-cotes-de-la-ltpe-pour-offrir-un-avenir-aux-enfants-vulnerables\\\/#primaryimage\"},\"image\":{\"@id\":\"https:\\\/\\\/kooyanews.tg\\\/index.php\\\/a-la-une\\\/annee-scolaire-2026-2027-cdk-group-aux-aux-cotes-de-la-ltpe-pour-offrir-un-avenir-aux-enfants-vulnerables\\\/#primaryimage\"},\"thumbnailUrl\":\"https:\\\/\\\/kooyanews.tg\\\/wp-content\\\/uploads\\\/2026\\\/08\\\/1001083930-1.jpg\",\"datePublished\":\"2026-08-29T12:45:11+00:00\",\"dateModified\":\"2026-08-29T13:01:58+00:00\",\"breadcrumb\":{\"@id\":\"https:\\\/\\\/kooyanews.tg\\\/index.php\\\/a-la-une\\\/annee-scolaire-2026-2027-cdk-group-aux-aux-cotes-de-la-ltpe-pour-offrir-un-avenir-aux-enfants-vulnerables\\\/#breadcrumb\"},\"inLanguage\":\"fr-FR\",\"potentialAction\":[{\"@type\":\"ReadAction\",\"target\":[\"https:\\\/\\\/kooyanews.tg\\\/index.php\\\/a-la-une\\\/annee-scolaire-2026-2027-cdk-group-aux-aux-cotes-de-la-ltpe-pour-offrir-un-avenir-aux-enfants-vulnerables\\\/\"]}]},{\"@type\":\"ImageObject\",\"inLanguage\":\"fr-FR\",\"@id\":\"https:\\\/\\\/kooyanews.tg\\\/index.php\\\/a-la-une\\\/annee-scolaire-2026-2027-cdk-group-aux-aux-cotes-de-la-ltpe-pour-offrir-un-avenir-aux-enfants-vulnerables\\\/#primaryimage\",\"url\":\"https:\\\/\\\/kooyanews.tg\\\/wp-content\\\/uploads\\\/2026\\\/08\\\/1001083930-1.jpg\",\"contentUrl\":\"https:\\\/\\\/kooyanews.tg\\\/wp-content\\\/uploads\\\/2026\\\/08\\\/1001083930-1.jpg\",\"width\":1080,\"height\":720},{\"@type\":\"BreadcrumbList\",\"@id\":\"https:\\\/\\\/kooyanews.tg\\\/index.php\\\/a-la-une\\\/annee-scolaire-2026-2027-cdk-group-aux-aux-cotes-de-la-ltpe-pour-offrir-un-avenir-aux-enfants-vulnerables\\\/#breadcrumb\",\"itemListElement\":[{\"@type\":\"ListItem\",\"position\":1,\"name\":\"Accueil\",\"item\":\"https:\\\/\\\/kooyanews.tg\\\/\"},{\"@type\":\"ListItem\",\"position\":2,\"name\":\"Ann\u00e9e scolaire 2026-2027: CDK GROUP aux c\u00f4t\u00e9s de la LTPE pour offrir un avenir aux enfants vuln\u00e9rables\"}]},{\"@type\":\"WebSite\",\"@id\":\"https:\\\/\\\/kooyanews.tg\\\/#website\",\"url\":\"https:\\\/\\\/kooyanews.tg\\\/\",\"name\":\"KOOYA NEWS\",\"description\":\"\",\"publisher\":{\"@id\":\"https:\\\/\\\/kooyanews.tg\\\/#organization\"},\"potentialAction\":[{\"@type\":\"SearchAction\",\"target\":{\"@type\":\"EntryPoint\",\"urlTemplate\":\"https:\\\/\\\/kooyanews.tg\\\/?s={search_term_string}\"},\"query-input\":{\"@type\":\"PropertyValueSpecification\",\"valueRequired\":true,\"valueName\":\"search_term_string\"}}],\"inLanguage\":\"fr-FR\"},{\"@type\":\"Organization\",\"@id\":\"https:\\\/\\\/kooyanews.tg\\\/#organization\",\"name\":\"KOOYA NEWS\",\"url\":\"https:\\\/\\\/kooyanews.tg\\\/\",\"logo\":{\"@type\":\"ImageObject\",\"inLanguage\":\"fr-FR\",\"@id\":\"https:\\\/\\\/kooyanews.tg\\\/#\\\/schema\\\/logo\\\/image\\\/\",\"url\":\"https:\\\/\\\/kooyanews.tg\\\/wp-content\\\/uploads\\\/2025\\\/06\\\/cropped-logo-e1749035109291.jpg\",\"contentUrl\":\"https:\\\/\\\/kooyanews.tg\\\/wp-content\\\/uploads\\\/2025\\\/06\\\/cropped-logo-e1749035109291.jpg\",\"width\":512,\"height\":512,\"caption\":\"KOOYA NEWS\"},\"image\":{\"@id\":\"https:\\\/\\\/kooyanews.tg\\\/#\\\/schema\\\/logo\\\/image\\\/\"}},{\"@type\":\"Person\",\"@id\":\"https:\\\/\\\/kooyanews.tg\\\/#\\\/schema\\\/person\\\/1a129874b7f047e8ad17efbd89b7c839\",\"name\":\"KOOYA NEWS\",\"image\":{\"@type\":\"ImageObject\",\"inLanguage\":\"fr-FR\",\"@id\":\"https:\\\/\\\/secure.gravatar.com\\\/avatar\\\/7362e9e39fe15f98d5af5b55c717d135000d9bb052eaef8de7bbce8437936a35?s=96&d=mm&r=g\",\"url\":\"https:\\\/\\\/secure.gravatar.com\\\/avatar\\\/7362e9e39fe15f98d5af5b55c717d135000d9bb052eaef8de7bbce8437936a35?s=96&d=mm&r=g\",\"contentUrl\":\"https:\\\/\\\/secure.gravatar.com\\\/avatar\\\/7362e9e39fe15f98d5af5b55c717d135000d9bb052eaef8de7bbce8437936a35?s=96&d=mm&r=g\",\"caption\":\"KOOYA NEWS\"},\"url\":\"https:\\\/\\\/kooyanews.tg\\\/index.php\\\/author\\\/kooya\\\/\"}]}<\/script>\n<!-- \/ Yoast SEO plugin. -->","yoast_head_json":{"title":"Ann\u00e9e scolaire 2026-2027: CDK GROUP aux c\u00f4t\u00e9s de la LTPE pour offrir un avenir aux enfants vuln\u00e9rables - KOOYA NEWS","robots":{"index":"index","follow":"follow","max-snippet":"max-snippet:-1","max-image-preview":"max-image-preview:large","max-video-preview":"max-video-preview:-1"},"canonical":"https:\/\/kooyanews.tg\/index.php\/a-la-une\/annee-scolaire-2026-2027-cdk-group-aux-aux-cotes-de-la-ltpe-pour-offrir-un-avenir-aux-enfants-vulnerables\/","og_locale":"fr_FR","og_type":"article","og_title":"Ann\u00e9e scolaire 2026-2027: CDK GROUP aux c\u00f4t\u00e9s de la LTPE pour offrir un avenir aux enfants vuln\u00e9rables - KOOYA NEWS","og_description":"A Yao-Kop\u00e9 dans la Pr\u00e9fecture d\u2019Amou, ce vendredi 28 ao\u00fbt, plus de 10 000 kits scolaires ont \u00e9t\u00e9 distribu\u00e9s aux enfants vuln\u00e9rables de la pr\u00e9fecture d\u2019Amou et des ses environs par la Ligue Togolaise pour la Protection de l\u2019Enfance (LTPE) \u00e0 travers la troisi\u00e8me \u00e9dition de l\u2019initiative \u00ab Education pour tous: 1 \u00e9l\u00e8ve, 1 kit, [&hellip;]","og_url":"https:\/\/kooyanews.tg\/index.php\/a-la-une\/annee-scolaire-2026-2027-cdk-group-aux-aux-cotes-de-la-ltpe-pour-offrir-un-avenir-aux-enfants-vulnerables\/","og_site_name":"KOOYA NEWS","article_published_time":"2026-08-29T12:45:11+00:00","article_modified_time":"2026-08-29T13:01:58+00:00","og_image":[{"width":1080,"height":720,"url":"https:\/\/kooyanews.tg\/wp-content\/uploads\/2026\/08\/1001083930-1.jpg","type":"image\/jpeg"}],"author":"KOOYA NEWS","twitter_card":"summary_large_image","twitter_misc":{"\u00c9crit par":"KOOYA NEWS","Dur\u00e9e de lecture estim\u00e9e":"4 minutes"},"schema":{"@context":"https:\/\/schema.org","@graph":[{"@type":"Article","@id":"https:\/\/kooyanews.tg\/index.php\/a-la-une\/annee-scolaire-2026-2027-cdk-group-aux-aux-cotes-de-la-ltpe-pour-offrir-un-avenir-aux-enfants-vulnerables\/#article","isPartOf":{"@id":"https:\/\/kooyanews.tg\/index.php\/a-la-une\/annee-scolaire-2026-2027-cdk-group-aux-aux-cotes-de-la-ltpe-pour-offrir-un-avenir-aux-enfants-vulnerables\/"},"author":{"name":"KOOYA NEWS","@id":"https:\/\/kooyanews.tg\/#\/schema\/person\/1a129874b7f047e8ad17efbd89b7c839"},"headline":"Ann\u00e9e scolaire 2026-2027: CDK GROUP aux c\u00f4t\u00e9s de la LTPE pour offrir un avenir aux enfants vuln\u00e9rables","datePublished":"2026-08-29T12:45:11+00:00","dateModified":"2026-08-29T13:01:58+00:00","mainEntityOfPage":{"@id":"https:\/\/kooyanews.tg\/index.php\/a-la-une\/annee-scolaire-2026-2027-cdk-group-aux-aux-cotes-de-la-ltpe-pour-offrir-un-avenir-aux-enfants-vulnerables\/"},"wordCount":540,"commentCount":0,"publisher":{"@id":"https:\/\/kooyanews.tg\/#organization"},"image":{"@id":"https:\/\/kooyanews.tg\/index.php\/a-la-une\/annee-scolaire-2026-2027-cdk-group-aux-aux-cotes-de-la-ltpe-pour-offrir-un-avenir-aux-enfants-vulnerables\/#primaryimage"},"thumbnailUrl":"https:\/\/kooyanews.tg\/wp-content\/uploads\/2026\/08\/1001083930-1.jpg","keywords":["#CDK GROUP","#LPTE"],"articleSection":["A la une","Education"],"inLanguage":"fr-FR","potentialAction":[{"@type":"CommentAction","name":"Comment","target":["https:\/\/kooyanews.tg\/index.php\/a-la-une\/annee-scolaire-2026-2027-cdk-group-aux-aux-cotes-de-la-ltpe-pour-offrir-un-avenir-aux-enfants-vulnerables\/#respond"]}]},{"@type":"WebPage","@id":"https:\/\/kooyanews.tg\/index.php\/a-la-une\/annee-scolaire-2026-2027-cdk-group-aux-aux-cotes-de-la-ltpe-pour-offrir-un-avenir-aux-enfants-vulnerables\/","url":"https:\/\/kooyanews.tg\/index.php\/a-la-une\/annee-scolaire-2026-2027-cdk-group-aux-aux-cotes-de-la-ltpe-pour-offrir-un-avenir-aux-enfants-vulnerables\/","name":"Ann\u00e9e scolaire 2026-2027: CDK GROUP aux c\u00f4t\u00e9s de la LTPE pour offrir un avenir aux enfants vuln\u00e9rables - KOOYA NEWS","isPartOf":{"@id":"https:\/\/kooyanews.tg\/#website"},"primaryImageOfPage":{"@id":"https:\/\/kooyanews.tg\/index.php\/a-la-une\/annee-scolaire-2026-2027-cdk-group-aux-aux-cotes-de-la-ltpe-pour-offrir-un-avenir-aux-enfants-vulnerables\/#primaryimage"},"image":{"@id":"https:\/\/kooyanews.tg\/index.php\/a-la-une\/annee-scolaire-2026-2027-cdk-group-aux-aux-cotes-de-la-ltpe-pour-offrir-un-avenir-aux-enfants-vulnerables\/#primaryimage"},"thumbnailUrl":"https:\/\/kooyanews.tg\/wp-content\/uploads\/2026\/08\/1001083930-1.jpg","datePublished":"2026-08-29T12:45:11+00:00","dateModified":"2026-08-29T13:01:58+00:00","breadcrumb":{"@id":"https:\/\/kooyanews.tg\/index.php\/a-la-une\/annee-scolaire-2026-2027-cdk-group-aux-aux-cotes-de-la-ltpe-pour-offrir-un-avenir-aux-enfants-vulnerables\/#breadcrumb"},"inLanguage":"fr-FR","potentialAction":[{"@type":"ReadAction","target":["https:\/\/kooyanews.tg\/index.php\/a-la-une\/annee-scolaire-2026-2027-cdk-group-aux-aux-cotes-de-la-ltpe-pour-offrir-un-avenir-aux-enfants-vulnerables\/"]}]},{"@type":"ImageObject","inLanguage":"fr-FR","@id":"https:\/\/kooyanews.tg\/index.php\/a-la-une\/annee-scolaire-2026-2027-cdk-group-aux-aux-cotes-de-la-ltpe-pour-offrir-un-avenir-aux-enfants-vulnerables\/#primaryimage","url":"https:\/\/kooyanews.tg\/wp-content\/uploads\/2026\/08\/1001083930-1.jpg","contentUrl":"https:\/\/kooyanews.tg\/wp-content\/uploads\/2026\/08\/1001083930-1.jpg","width":1080,"height":720},{"@type":"BreadcrumbList","@id":"https:\/\/kooyanews.tg\/index.php\/a-la-une\/annee-scolaire-2026-2027-cdk-group-aux-aux-cotes-de-la-ltpe-pour-offrir-un-avenir-aux-enfants-vulnerables\/#breadcrumb","itemListElement":[{"@type":"ListItem","position":1,"name":"Accueil","item":"https:\/\/kooyanews.tg\/"},{"@type":"ListItem","position":2,"name":"Ann\u00e9e scolaire 2026-2027: CDK GROUP aux c\u00f4t\u00e9s de la LTPE pour offrir un avenir aux enfants vuln\u00e9rables"}]},{"@type":"WebSite","@id":"https:\/\/kooyanews.tg\/#website","url":"https:\/\/kooyanews.tg\/","name":"KOOYA NEWS","description":"","publisher":{"@id":"https:\/\/kooyanews.tg\/#organization"},"potentialAction":[{"@type":"SearchAction","target":{"@type":"EntryPoint","urlTemplate":"https:\/\/kooyanews.tg\/?s={search_term_string}"},"query-input":{"@type":"PropertyValueSpecification","valueRequired":true,"valueName":"search_term_string"}}],"inLanguage":"fr-FR"},{"@type":"Organization","@id":"https:\/\/kooyanews.tg\/#organization","name":"KOOYA NEWS","url":"https:\/\/kooyanews.tg\/","logo":{"@type":"ImageObject","inLanguage":"fr-FR","@id":"https:\/\/kooyanews.tg\/#\/schema\/logo\/image\/","url":"https:\/\/kooyanews.tg\/wp-content\/uploads\/2025\/06\/cropped-logo-e1749035109291.jpg","contentUrl":"https:\/\/kooyanews.tg\/wp-content\/uploads\/2025\/06\/cropped-logo-e1749035109291.jpg","width":512,"height":512,"caption":"KOOYA NEWS"},"image":{"@id":"https:\/\/kooyanews.tg\/#\/schema\/logo\/image\/"}},{"@type":"Person","@id":"https:\/\/kooyanews.tg\/#\/schema\/person\/1a129874b7f047e8ad17efbd89b7c839","name":"KOOYA NEWS","image":{"@type":"ImageObject","inLanguage":"fr-FR","@id":"https:\/\/secure.gravatar.com\/avatar\/7362e9e39fe15f98d5af5b55c717d135000d9bb052eaef8de7bbce8437936a35?s=96&d=mm&r=g","url":"https:\/\/secure.gravatar.com\/avatar\/7362e9e39fe15f98d5af5b55c717d135000d9bb052eaef8de7bbce8437936a35?s=96&d=mm&r=g","contentUrl":"https:\/\/secure.gravatar.com\/avatar\/7362e9e39fe15f98d5af5b55c717d135000d9bb052eaef8de7bbce8437936a35?s=96&d=mm&r=g","caption":"KOOYA NEWS"},"url":"https:\/\/kooyanews.tg\/index.php\/author\/kooya\/"}]}},"_links":{"self":[{"href":"https:\/\/kooyanews.tg\/index.php\/wp-json\/wp\/v2\/posts\/6569","targetHints":{"allow":["GET"]}}],"collection":[{"href":"https:\/\/kooyanews.tg\/index.php\/wp-json\/wp\/v2\/posts"}],"about":[{"href":"https:\/\/kooyanews.tg\/index.php\/wp-json\/wp\/v2\/types\/post"}],"author":[{"embeddable":true,"href":"https:\/\/kooyanews.tg\/index.php\/wp-json\/wp\/v2\/users\/2"}],"replies":[{"embeddable":true,"href":"https:\/\/kooyanews.tg\/index.php\/wp-json\/wp\/v2\/comments?post=6569"}],"version-history":[{"count":2,"href":"https:\/\/kooyanews.tg\/index.php\/wp-json\/wp\/v2\/posts\/6569\/revisions"}],"predecessor-version":[{"id":6581,"href":"https:\/\/kooyanews.tg\/index.php\/wp-json\/wp\/v2\/posts\/6569\/revisions\/6581"}],"wp:featuredmedia":[{"embeddable":true,"href":"https:\/\/kooyanews.tg\/index.php\/wp-json\/wp\/v2\/media\/6554"}],"wp:attachment":[{"href":"https:\/\/kooyanews.tg\/index.php\/wp-json\/wp\/v2\/media?parent=6569"}],"wp:term":[{"taxonomy":"category","embeddable":true,"href":"https:\/\/kooyanews.tg\/index.php\/wp-json\/wp\/v2\/categories?post=6569"},{"taxonomy":"post_tag","embeddable":true,"href":"https:\/\/kooyanews.tg\/index.php\/wp-json\/wp\/v2\/tags?post=6569"}],"curies":[{"name":"wp","href":"https:\/\/api.w.org\/{rel}","templated":true}]}}